{"id":49729,"date":"2019-06-28T16:47:12","date_gmt":"2019-06-28T20:47:12","guid":{"rendered":"https:\/\/fgmm.cl\/intranet\/2019\/06\/28\/tres-estudiantes-chilenos-seleccionados-para-participar-en-el-mundial-de-robotica-en-australia\/"},"modified":"2019-06-28T16:47:12","modified_gmt":"2019-06-28T20:47:12","slug":"tres-estudiantes-chilenos-seleccionados-para-participar-en-el-mundial-de-robotica-en-australia","status":"publish","type":"post","link":"https:\/\/fgmm.cl\/intranet\/tres-estudiantes-chilenos-seleccionados-para-participar-en-el-mundial-de-robotica-en-australia\/","title":{"rendered":"Tres estudiantes chilenos seleccionados para participar en el Mundial de Rob\u00f3tica en Australia"},"content":{"rendered":"<p><\/p>\n<div class=\"et_pb_section et_pb_fullwidth_section  et_pb_section_50 et_pb_with_background et_section_regular\">\n<div class=\"et_pb_module et_pb_slider  et_pb_fullwidth_slider_10\">\n<div class=\"et_pb_slides\">\n<div class=\"et_pb_slide et_pb_bg_layout_dark et_pb_media_alignment_center et_pb_slide_10 et-pb-active-slide\" style='background-color:#ffffff;background-image:url(http:\/\/www.fundacionmustakis.org\/wp-content\/uploads\/2016\/09\/noticias_mitad.jpg)'>\n<div class=\"et_pb_container clearfix\">\n<div class=\"et_pb_slide_description\">\n<div class=\"et_pb_slide_content\">\n<h1 style=\"text-align: left;font-size: 70px;margin-left: -124px;font-family: proxima_nova_rgbold\"><strong>NOTICIAS<\/strong><\/h1>\n<div class=\"line_titulos_programa\"><\/div>\n<p style=\"text-align: left;font-size: 30px;margin-left: -124px;font-family: proxima_nova_rgbold;margin-top: 20px\">PUNTO DE ENCUENTRO CON LA COMUNIDAD<\/p>\n<\/div><\/div>\n<p> <!-- .et_pb_slide_description -->\n\t\t\t\t<\/div>\n<p> <!-- .et_pb_container --><\/p><\/div>\n<p> <!-- .et_pb_slide --><\/p><\/div>\n<p> <!-- .et_pb_slides -->\n\t\t\t<\/div>\n<p> <!-- .et_pb_slider --><\/p><\/div>\n<p> <!-- .et_pb_section --><\/p>\n<div class=\"et_pb_section et_pb_fullwidth_section hmovil et_pb_section_51 et_pb_with_background et_section_regular\">\n<div class=\"et_pb_module et_pb_slider et_pb_slider_no_pagination  et_pb_fullwidth_slider_11\">\n<div class=\"et_pb_slides\">\n<div class=\"et_pb_slide et_pb_bg_layout_dark et_pb_media_alignment_center et_pb_slide_11 et-pb-active-slide\" style='background-color:#ffffff;background-image:url(http:\/\/www.fundacionmustakis.org\/wp-content\/uploads\/2016\/09\/noticias_mitad.jpg)'>\n<div class=\"et_pb_container clearfix\">\n<div class=\"et_pb_slide_description\">\n<div class=\"et_pb_slide_content\">\n<h1>NOTICIAS<\/h1>\n<div class=\"line_titulos_programa_movil\"><\/div>\n<p>PUNTO DE ENCUENTRO CON LA COMUNIDAD<\/p>\n<\/div><\/div>\n<p> <!-- .et_pb_slide_description -->\n\t\t\t\t<\/div>\n<p> <!-- .et_pb_container --><\/p><\/div>\n<p> <!-- .et_pb_slide --><\/p><\/div>\n<p> <!-- .et_pb_slides -->\n\t\t\t<\/div>\n<p> <!-- .et_pb_slider --><\/p><\/div>\n<p> <!-- .et_pb_section --><\/p>\n<div class=\"et_pb_section  et_pb_section_52 et_pb_with_background et_section_regular\">\n<div class=\" et_pb_row et_pb_row_60\">\n<div class=\"et_pb_column et_pb_column_4_4  et_pb_column_100\">\n<div class=\"et_pb_text et_pb_module et_pb_bg_layout_dark et_pb_text_align_right  et_pb_text_105\">\n<p>Junio, 2019 <span style=\"color: #ff9900\">N\u00b0 131<\/span><\/p><\/div>\n<p> <!-- .et_pb_text --><\/p>\n<div class=\"et_pb_module et-waypoint et_pb_image et_pb_animation_top et_pb_image_5 et_always_center_on_mobile\">\n\t\t\t\t<img decoding=\"async\" src=\"https:\/\/fgmm.cl\/intranet\/wp-content\/uploads\/2019\/09\/Tres-estudiantes-chilenos-seleccionados-para-participar-en-el-Mundial-de.jpg\" alt=\"\" \/><\/p><\/div>\n<div class=\"et_pb_text et_pb_module et_pb_bg_layout_light et_pb_text_align_left  et_pb_text_106\">\n<h1><span style=\"color: #0233af;font-size: 54px;font-family: proxima_nova_alt_rgbold;line-height: 54px\"><strong>Tres estudiantes chilenos seleccionados para participar en el Mundial de Rob\u00f3tica en Australia<\/strong><\/span><\/h1>\n<h3><strong><span style=\"color: #ffb600;font-size: 27px;font-family: proxima_nova_alt_rgbold;line-height: normal\">Los j\u00f3venes del Programa de Ciencia y Tecnolog\u00eda de Fundaci\u00f3n Mustakis que viajan al encuentro fueron capaces de construir y programar un robot de rescate.<\/span><\/strong><\/h3>\n<p>Despu\u00e9s de dos a\u00f1os de trabajo y aprendizaje, Kaled Hern\u00e1ndez, de 16 a\u00f1os, Vicente Romero, tambi\u00e9n de 16, y Mat\u00edas Fa\u00fandes, de 17, fueron seleccionados para asistir a Robocup, Mundial de Rob\u00f3tica, que en esta oportunidad se realizar\u00e1 en la ciudad de S\u00eddney, Australia. Los tres son de Valpara\u00edso y participaron de los talleres y clubes gratuitos de Rob\u00f3tica Educativa de Fundaci\u00f3n Mustakis.<\/p>\n<p>Como explica Franco Ferrari, jefe del programa de Rob\u00f3tica Educativa, todos los aspirantes ten\u00edan el desaf\u00edo de construir y programar un robot de rescate, y estos chicos lo resolvieron con \u00e9xito.<\/p>\n<p>\u201cEl robot tuvo que seguir una pista, ser capaz de clasificar obst\u00e1culos, evadirlos, luego llegar a una zona de rescate y salvar a las v\u00edctimas (simuladas), adem\u00e1s pasar por bifurcaciones, \u00e1ngulos de distinta complejidad y pendientes\u201d, detalla Ferrari.<\/p>\n<p>Desde el 2 hasta el 8 de julio, los j\u00f3venes competir\u00e1n en la categor\u00eda Junior en distintas pruebas con seleccionados de todo el mundo. A la competencia viajar\u00e1n apoyados por Fundaci\u00f3n Mustakis y acompa\u00f1ados por los encargados del programa de Rob\u00f3tica Educativa, adem\u00e1s del mentor de la sede Valpara\u00edso, quien los ha guiado en su aprendizaje.<\/p>\n<p>Los talleres de Rob\u00f3tica Educativa forman parte del Programa de Ciencia y Tecnolog\u00eda de Fundaci\u00f3n Mustakis que, desde 2013, han potenciado las aptitudes de m\u00e1s de 3.300 estudiantes. Este a\u00f1o el foco fue hacerlos m\u00e1s inclusivos, esfuerzo que se vio reflejado en un aumento del 6% de la participaci\u00f3n femenina, en la reciente edici\u00f3n.<\/p>\n<p>Para los j\u00f3venes de s\u00e9ptimo a tercero medio interesados en los talleres y clubes, las postulaciones de los talleres intensivos de invierno, se encontrar\u00e1n abiertas hasta el pr\u00f3ximo 5 de julio. Toda la informaci\u00f3n y formulario a rellenar se encuentra en robotica.fundacionmustakis.org<\/p><\/div>\n<p> <!-- .et_pb_text --><\/p>\n<div class=\"et_pb_button_module_wrapper et_pb_module et_pb_button_alignment_center\">\n\t\t\t\t<a class=\"et_pb_button  et_pb_button_13 et_pb_module et_pb_bg_layout_dark\" href=\"https:\/\/programarobotica.cl\/registro\" target=\"_blank\" rel=\"noopener noreferrer\">Inscr\u00edbete <\/a>\n\t\t\t<\/div>\n<div class=\"et_pb_button_module_wrapper et_pb_module et_pb_button_alignment_right\">\n\t\t\t\t<a class=\"et_pb_button  et_pb_button_14 et_pb_module et_pb_bg_layout_light\" href=\"http:\/\/www.fundacionmustakis.org\/noticias\/\">Volver a noticias<\/a>\n\t\t\t<\/div>\n<div class=\"et_pb_text et_pb_module et_pb_bg_layout_light et_pb_text_align_center  et_pb_text_107\">\n\t\t\t\t <a href=\"https:\/\/twitter.com\/fundmustakis\" target=\"_blank\" rel=\"noopener noreferrer\"><img loading=\"lazy\" decoding=\"async\" class=\"alignnone wp-image-623 size-full\" src=\"https:\/\/fgmm.cl\/intranet\/wp-content\/uploads\/2019\/09\/ZIM-todos-invitados-a-aprender-sobre-el-ritmo-y-sus.png\" alt=\"twitter\" width=\"48\" height=\"48\" \/><\/a>\u00a0\u00a0\u00a0\u00a0 <a href=\"https:\/\/www.facebook.com\/fundacionmustakis\" target=\"_blank\" rel=\"noopener noreferrer\"><img loading=\"lazy\" decoding=\"async\" class=\"alignnone wp-image-624 size-full\" src=\"https:\/\/fgmm.cl\/intranet\/wp-content\/uploads\/2019\/09\/1568391850_330_ZIM-todos-invitados-a-aprender-sobre-el-ritmo-y-sus.png\" alt=\"face\" width=\"48\" height=\"48\" \/><\/a>\n\t\t\t<\/div>\n<p> <!-- .et_pb_text -->\n\t\t\t<\/div>\n<p> <!-- .et_pb_column --><\/p><\/div>\n<p> <!-- .et_pb_row --><\/p><\/div>\n<p> <!-- .et_pb_section --><\/p>\n<div class=\"et_pb_section  et_pb_section_54 et_pb_with_background et_section_regular\">\n<div class=\" et_pb_row et_pb_row_61\">\n<div class=\"et_pb_column et_pb_column_4_4  et_pb_column_101\">\n<div class=\"et_pb_text et_pb_module et_pb_bg_layout_dark et_pb_text_align_center  et_pb_text_108\">\n<h1 class=\"p1\"><span style=\"font-size: 32px;font-family: proxima_nova_rgbold\">\u00a1\u00daNETE A NUESTRA COMUNIDAD!<\/span><\/h1>\n<\/p><\/div>\n<p> <!-- .et_pb_text -->\n\t\t\t<\/div>\n<p> <!-- .et_pb_column --><\/p><\/div>\n<p> <!-- .et_pb_row --><\/p>\n<div class=\" et_pb_row et_pb_row_62 et_pb_gutters1\">\n<div class=\"et_pb_column et_pb_column_1_4  et_pb_column_102\">\n<div class=\"et_pb_text et_pb_module et_pb_bg_layout_dark et_pb_text_align_left rrss et_pb_text_109\">\n<div><span style=\"color: #ffffff\"><a style=\"color: #ffffff\" href=\"http:\/\/www.facebook.com\/fundacionmustakis\" target=\"_blank\" rel=\"noopener noreferrer\"><img decoding=\"async\" style=\"width: 37px;height: 37px;vertical-align: middle\" src=\"https:\/\/fgmm.cl\/intranet\/wp-content\/uploads\/2019\/09\/1568391850_129_ZIM-todos-invitados-a-aprender-sobre-el-ritmo-y-sus.png\" \/>\u00a0 \u00a0 \u00a0<b>@FundacionMustakis<\/b><\/a><\/span><\/div>\n<\/p><\/div>\n<p> <!-- .et_pb_text -->\n\t\t\t<\/div>\n<p> <!-- .et_pb_column --><\/p>\n<div class=\"et_pb_column et_pb_column_1_4  et_pb_column_103\">\n<div class=\"et_pb_text et_pb_module et_pb_bg_layout_dark et_pb_text_align_left rrss et_pb_text_110\">\n<div><span style=\"color: #ffffff\"><a style=\"color: #ffffff\" href=\"http:\/\/twitter.com\/fundmustakis\" target=\"_blank\" rel=\"noopener noreferrer\"><img decoding=\"async\" style=\"width: 37px;height: 37px;vertical-align: middle\" src=\"https:\/\/fgmm.cl\/intranet\/wp-content\/uploads\/2019\/09\/1568391850_22_ZIM-todos-invitados-a-aprender-sobre-el-ritmo-y-sus.png\" \/>\u00a0 \u00a0 \u00a0<b>@FundMustakis<\/b><\/a><\/span><\/div>\n<\/p><\/div>\n<p> <!-- .et_pb_text -->\n\t\t\t<\/div>\n<p> <!-- .et_pb_column --><\/p>\n<div class=\"et_pb_column et_pb_column_1_4  et_pb_column_104\">\n<div class=\"et_pb_text et_pb_module et_pb_bg_layout_dark et_pb_text_align_left rrss et_pb_text_111\">\n<div><a href=\"http:\/\/www.youtube.com\/channel\/UCAFLMepFhxsTvcNcO5Eokzg\" target=\"_blank\" rel=\"noopener noreferrer\"><img decoding=\"async\" style=\"width: 37px;height: 37px;vertical-align: middle\" src=\"https:\/\/fgmm.cl\/intranet\/wp-content\/uploads\/2019\/09\/1568391850_451_ZIM-todos-invitados-a-aprender-sobre-el-ritmo-y-sus.png\" \/><span style=\"color: #ffffff\">\u00a0 \u00a0 \u00a0<b>Fundaci\u00f3n Mustakis<\/b><\/span><\/a><\/div>\n<\/p><\/div>\n<p> <!-- .et_pb_text -->\n\t\t\t<\/div>\n<p> <!-- .et_pb_column --><\/p>\n<div class=\"et_pb_column et_pb_column_1_4  et_pb_column_105\">\n<div class=\"et_pb_text et_pb_module et_pb_bg_layout_dark et_pb_text_align_left rrss et_pb_text_112\">\n<div><a href=\"http:\/\/www.instagram.com\/FundacionMustakis\" target=\"_blank\" rel=\"noopener noreferrer\"><img decoding=\"async\" style=\"width: 37px;height: 37px;vertical-align: middle\" src=\"https:\/\/fgmm.cl\/intranet\/wp-content\/uploads\/2019\/09\/1568391850_162_ZIM-todos-invitados-a-aprender-sobre-el-ritmo-y-sus.png\" \/><span style=\"color: #ffffff\">\u00a0 \u00a0 \u00a0<b>@FundacionMustakis<\/b><\/span><\/a><\/div>\n<\/p><\/div>\n<p> <!-- .et_pb_text -->\n\t\t\t<\/div>\n<p> <!-- .et_pb_column --><\/p><\/div>\n<p> <!-- .et_pb_row --><\/p>\n<div class=\" et_pb_row et_pb_row_63\">\n<div class=\"et_pb_column et_pb_column_4_4  et_pb_column_106\">\n<div class=\"et_pb_button_module_wrapper et_pb_module et_pb_button_alignment_center\">\n\t\t\t\t<a class=\"et_pb_button  et_pb_button_15 et_pb_module et_pb_bg_layout_dark\" href=\"http:\/\/www.fundacionmustakis.org\/contacto\/\">\u00a1Cont\u00e1ctanos!<\/a>\n\t\t\t<\/div>\n<\/p><\/div>\n<p> <!-- .et_pb_column --><\/p><\/div>\n<p> <!-- .et_pb_row --><\/p>\n<div class=\" et_pb_row et_pb_row_64 et_pb_gutters1\">\n<div class=\"et_pb_column et_pb_column_4_4  et_pb_column_107\">\n<div class=\"et_pb_text et_pb_module et_pb_bg_layout_dark et_pb_text_align_center  et_pb_text_113\">\n<p class=\"p1\" style=\"font-size: 10px\"><b>\u00a9 Fundaci\u00f3n Mustakis 1996 &#8211; 2019 <span class=\"Apple-converted-space\">\u00a0 Recoleta 1169, Recoleta, Santiago &#8211;\u00a0<\/span>Tel\u00e9fono +562 2820 8585<span class=\"Apple-converted-space\">\u00a0 \u00a0 \u00a0 <\/span>contacto@fundacionmustakis.com<\/b><\/p><\/div>\n<p> <!-- .et_pb_text -->\n\t\t\t<\/div>\n<p> <!-- .et_pb_column --><\/p><\/div>\n<p> <!-- .et_pb_row --><\/p><\/div>\n<p> <!-- .et_pb_section --><\/p>\n<div class=\"et_pb_section  et_pb_section_56 et_pb_with_background et_section_regular\">\n<div class=\" et_pb_row et_pb_row_65\">\n<div class=\"et_pb_column et_pb_column_4_4  et_pb_column_108\">\n<div class=\"et_pb_text et_pb_module et_pb_bg_layout_dark et_pb_text_align_center  et_pb_text_114\">\n<h1 class=\"p1\"><span style=\"font-size: 32px;font-family: proxima_nova_rgbold\">\u00a1\u00daNETE A NUESTRA COMUNIDAD!<\/span><\/h1>\n<\/p><\/div>\n<p> <!-- .et_pb_text -->\n\t\t\t<\/div>\n<p> <!-- .et_pb_column --><\/p><\/div>\n<p> <!-- .et_pb_row --><\/p>\n<div class=\" et_pb_row et_pb_row_66 et_pb_gutters1\">\n<div class=\"et_pb_column et_pb_column_1_4  et_pb_column_109\">\n<div class=\"et_pb_text et_pb_module et_pb_bg_layout_dark et_pb_text_align_left rrss et_pb_text_115\">\n<div><a href=\"http:\/\/www.facebook.com\/fundacionmustakis\" target=\"_blank\" rel=\"noopener noreferrer\"><span style=\"color: #ffffff\"><img decoding=\"async\" style=\"width: 37px;height: 37px;vertical-align: middle\" src=\"https:\/\/fgmm.cl\/intranet\/wp-content\/uploads\/2019\/09\/1568391850_129_ZIM-todos-invitados-a-aprender-sobre-el-ritmo-y-sus.png\" \/>\u00a0 \u00a0 \u00a0<b>@FundacionMustakis<\/b><\/span><\/a><\/div>\n<\/p><\/div>\n<p> <!-- .et_pb_text -->\n\t\t\t<\/div>\n<p> <!-- .et_pb_column --><\/p>\n<div class=\"et_pb_column et_pb_column_1_4  et_pb_column_110\">\n<div class=\"et_pb_text et_pb_module et_pb_bg_layout_dark et_pb_text_align_left rrss et_pb_text_116\">\n<div><a href=\"http:\/\/twitter.com\/fundmustakis\" target=\"_blank\" rel=\"noopener noreferrer\"><img decoding=\"async\" style=\"width: 37px;height: 37px;vertical-align: middle\" src=\"https:\/\/fgmm.cl\/intranet\/wp-content\/uploads\/2019\/09\/1568391850_22_ZIM-todos-invitados-a-aprender-sobre-el-ritmo-y-sus.png\" \/><span style=\"color: #ffffff\">\u00a0 \u00a0 \u00a0<b>@FundMustakis<\/b><\/span><\/a><\/div>\n<\/p><\/div>\n<p> <!-- .et_pb_text -->\n\t\t\t<\/div>\n<p> <!-- .et_pb_column --><\/p>\n<div class=\"et_pb_column et_pb_column_1_4  et_pb_column_111\">\n<div class=\"et_pb_text et_pb_module et_pb_bg_layout_dark et_pb_text_align_left rrss et_pb_text_117\">\n<div><a href=\"http:\/\/www.youtube.com\/channel\/UCAFLMepFhxsTvcNcO5Eokzg\" target=\"_blank\" rel=\"noopener noreferrer\"><img decoding=\"async\" style=\"width: 37px;height: 37px;vertical-align: middle\" src=\"https:\/\/fgmm.cl\/intranet\/wp-content\/uploads\/2019\/09\/1568391850_451_ZIM-todos-invitados-a-aprender-sobre-el-ritmo-y-sus.png\" \/><span style=\"color: #ffffff\">\u00a0 \u00a0 \u00a0<b>Fundaci\u00f3n Mustakis<\/b><\/span><\/a><\/div>\n<\/p><\/div>\n<p> <!-- .et_pb_text -->\n\t\t\t<\/div>\n<p> <!-- .et_pb_column --><\/p>\n<div class=\"et_pb_column et_pb_column_1_4  et_pb_column_112\">\n<div class=\"et_pb_text et_pb_module et_pb_bg_layout_dark et_pb_text_align_left rrss et_pb_text_118\">\n<div><a href=\"http:\/\/www.instagram.com\/FundacionMustakis\" target=\"_blank\" rel=\"noopener noreferrer\"><img decoding=\"async\" style=\"width: 37px;height: 37px;vertical-align: middle\" src=\"https:\/\/fgmm.cl\/intranet\/wp-content\/uploads\/2019\/09\/1568391850_162_ZIM-todos-invitados-a-aprender-sobre-el-ritmo-y-sus.png\" \/><span style=\"color: #ffffff\">\u00a0 \u00a0 \u00a0<b>@FundacionMustakis<\/b><\/span><\/a><\/div>\n<\/p><\/div>\n<p> <!-- .et_pb_text -->\n\t\t\t<\/div>\n<p> <!-- .et_pb_column --><\/p><\/div>\n<p> <!-- .et_pb_row --><\/p>\n<div class=\" et_pb_row et_pb_row_67 et_pb_gutters1\">\n<div class=\"et_pb_column et_pb_column_4_4  et_pb_column_113\">\n<div class=\"et_pb_text et_pb_module et_pb_bg_layout_dark et_pb_text_align_center  et_pb_text_119\">\n<p class=\"p1\" style=\"font-size: 10px\"><b>\u00a9 Fundaci\u00f3n Mustakis\u00a0<span class=\"Apple-converted-space\">1996 &#8211; 2018 \u00a0 Recoleta 1169, Recoleta, Santiago &#8211;\u00a0<\/span>Tel\u00e9fono +562 2820 8585<span class=\"Apple-converted-space\">\u00a0 \u00a0 \u00a0 <\/span>contacto@fundacionmustakis.com<\/b><\/p>\n<p>&nbsp;<\/p>\n<p>&nbsp;<\/p><\/div>\n<p> <!-- .et_pb_text -->\n\t\t\t<\/div>\n<p> <!-- .et_pb_column --><\/p><\/div>\n<p> <!-- .et_pb_row --><\/p><\/div>\n<p> <!-- .et_pb_section --><\/p>\n<div class=\"et_pb_section  et_pb_section_58 et_pb_with_background et_section_regular\">\n<div class=\" et_pb_row et_pb_row_68 et_pb_gutters1\">\n<div class=\"et_pb_column et_pb_column_4_4  et_pb_column_114\">\n<div class=\"et_pb_text et_pb_module et_pb_bg_layout_dark et_pb_text_align_center  et_pb_text_120\">\n<h1 class=\"p1\"><span style=\"font-size: 32px;font-family: proxima_nova_rgbold\">\u00a1\u00daNETE A NUESTRA COMUNIDAD!<\/span><\/h1>\n<\/p><\/div>\n<p> <!-- .et_pb_text -->\n\t\t\t<\/div>\n<p> <!-- .et_pb_column --><\/p><\/div>\n<p> <!-- .et_pb_row --><\/p>\n<div class=\" et_pb_row et_pb_row_69 et_pb_gutters1\">\n<div class=\"et_pb_column et_pb_column_1_4  et_pb_column_115\">\n<div class=\"et_pb_text et_pb_module et_pb_bg_layout_dark et_pb_text_align_left rrss et_pb_text_121\">\n<div><span style=\"color: #ffffff\"><a style=\"color: #ffffff\" href=\"http:\/\/www.facebook.com\/fundacionmustakis\" target=\"_blank\" rel=\"noopener noreferrer\"><img decoding=\"async\" style=\"width: 37px;height: 37px;vertical-align: middle\" src=\"https:\/\/fgmm.cl\/intranet\/wp-content\/uploads\/2019\/09\/1568391850_129_ZIM-todos-invitados-a-aprender-sobre-el-ritmo-y-sus.png\" \/>\u00a0 \u00a0 \u00a0<b>@FundacionMustakis<\/b><\/a><\/span><\/div>\n<\/p><\/div>\n<p> <!-- .et_pb_text -->\n\t\t\t<\/div>\n<p> <!-- .et_pb_column --><\/p>\n<div class=\"et_pb_column et_pb_column_1_4  et_pb_column_116\">\n<div class=\"et_pb_text et_pb_module et_pb_bg_layout_dark et_pb_text_align_left rrss et_pb_text_122\">\n<div><a href=\"http:\/\/twitter.com\/fundmustakis\" target=\"_blank\" rel=\"noopener noreferrer\"><img decoding=\"async\" style=\"width: 37px;height: 37px;vertical-align: middle\" src=\"https:\/\/fgmm.cl\/intranet\/wp-content\/uploads\/2019\/09\/1568391850_22_ZIM-todos-invitados-a-aprender-sobre-el-ritmo-y-sus.png\" \/><span style=\"color: #ffffff\">\u00a0 \u00a0 \u00a0<b>@FundMustakis<\/b><\/span><\/a><\/div>\n<\/p><\/div>\n<p> <!-- .et_pb_text -->\n\t\t\t<\/div>\n<p> <!-- .et_pb_column --><\/p>\n<div class=\"et_pb_column et_pb_column_1_4  et_pb_column_117\">\n<div class=\"et_pb_text et_pb_module et_pb_bg_layout_dark et_pb_text_align_left rrss et_pb_text_123\">\n<div><span style=\"color: #ffffff\"><a style=\"color: #ffffff\" href=\"http:\/\/www.youtube.com\/channel\/UCAFLMepFhxsTvcNcO5Eokzg\" target=\"_blank\" rel=\"noopener noreferrer\"><img decoding=\"async\" style=\"width: 37px;height: 37px;vertical-align: middle\" src=\"https:\/\/fgmm.cl\/intranet\/wp-content\/uploads\/2019\/09\/1568391850_451_ZIM-todos-invitados-a-aprender-sobre-el-ritmo-y-sus.png\" \/>\u00a0 \u00a0 \u00a0<b>Fundaci\u00f3n Mustakis<\/b><\/a><\/span><\/div>\n<\/p><\/div>\n<p> <!-- .et_pb_text -->\n\t\t\t<\/div>\n<p> <!-- .et_pb_column --><\/p>\n<div class=\"et_pb_column et_pb_column_1_4  et_pb_column_118\">\n<div class=\"et_pb_text et_pb_module et_pb_bg_layout_dark et_pb_text_align_left rrss et_pb_text_124\">\n<div><a href=\"http:\/\/www.instagram.com\/FundacionMustakis\" target=\"_blank\" rel=\"noopener noreferrer\"><img decoding=\"async\" style=\"width: 37px;height: 37px;vertical-align: middle\" src=\"https:\/\/fgmm.cl\/intranet\/wp-content\/uploads\/2019\/09\/1568391850_162_ZIM-todos-invitados-a-aprender-sobre-el-ritmo-y-sus.png\" \/><span style=\"color: #ffffff\">\u00a0 \u00a0 \u00a0<b>@FundacionMustakis<\/b><\/span><\/a><\/div>\n<\/p><\/div>\n<p> <!-- .et_pb_text -->\n\t\t\t<\/div>\n<p> <!-- .et_pb_column --><\/p><\/div>\n<p> <!-- .et_pb_row --><\/p>\n<div class=\" et_pb_row et_pb_row_70 et_pb_gutters1\">\n<div class=\"et_pb_column et_pb_column_4_4  et_pb_column_119\">\n<div class=\"et_pb_text et_pb_module et_pb_bg_layout_dark et_pb_text_align_center  et_pb_text_125\">\n<p class=\"p1\" style=\"font-size: 10px\"><b>\u00a9 Fundaci\u00f3n Mustakis\u00a0<span class=\"Apple-converted-space\">1996 &#8211; 2019 \u00a0 Recoleta 1169, Recoleta, Santiago &#8211;\u00a0<\/span>Tel\u00e9fono <span style=\"color: #ffffff\"><a style=\"color: #ffffff\" href=\"tel:+562 2820 8585\">+562 2820 8585<\/a><\/span><span class=\"Apple-converted-space\"><span style=\"color: #ffffff\">\u00a0<\/span> \u00a0 \u00a0 <\/span>contacto@fundacionmustakis.com<\/b><\/p>\n<p>\u00a0<\/p><\/div>\n<p> <!-- .et_pb_text -->\n\t\t\t<\/div>\n<p> <!-- .et_pb_column --><\/p><\/div>\n<p> <!-- .et_pb_row --><\/p><\/div>\n<p> <!-- .et_pb_section --><\/p>\n<div class=\"et_pb_section  et_pb_section_59 et_section_regular\">\n<div class=\" et_pb_row et_pb_row_71 et_pb_row_empty\"><\/div>\n<p> <!-- .et_pb_row --><\/p><\/div>\n<p> <!-- .et_pb_section --><\/p>\n<p><script async src=\"https:\/\/platform.twitter.com\/widgets.js\" charset=\"utf-8\"><\/script><script async defer src=\"https:\/\/platform.instagram.com\/en_US\/embeds.js\"><\/script><br \/>\n<br \/><a href=\"http:\/\/www.fundacionmustakis.org\/tres-estudiantes-chilenos-seleccionados-para-participar-en-el-mundial-de-robotica-en-australia-fundacion-mustakis\/\">Noticia original <\/a><\/p>\n","protected":false},"excerpt":{"rendered":"<p>NOTICIAS PUNTO DE ENCUENTRO CON LA COMUNIDAD NOTICIAS PUNTO DE ENCUENTRO CON LA COMUNIDAD Junio, 2019 N\u00b0 131 Tres estudiantes chilenos seleccionados para participar en el Mundial de Rob\u00f3tica en Australia Los j\u00f3venes del Programa de Ciencia y Tecnolog\u00eda de Fundaci\u00f3n Mustakis que viajan al encuentro fueron capaces de construir y programar un robot de [&hellip;]<\/p>\n","protected":false},"author":1,"featured_media":49730,"comment_status":"open","ping_status":"open","sticky":false,"template":"","format":"standard","meta":{"_et_pb_use_builder":"","_et_pb_old_content":"","footnotes":""},"categories":[2],"tags":[],"class_list":["post-49729","post","type-post","status-publish","format-standard","has-post-thumbnail","hentry","category-feed-noticias"],"_links":{"self":[{"href":"https:\/\/fgmm.cl\/intranet\/wp-json\/wp\/v2\/posts\/49729","targetHints":{"allow":["GET"]}}],"collection":[{"href":"https:\/\/fgmm.cl\/intranet\/wp-json\/wp\/v2\/posts"}],"about":[{"href":"https:\/\/fgmm.cl\/intranet\/wp-json\/wp\/v2\/types\/post"}],"author":[{"embeddable":true,"href":"https:\/\/fgmm.cl\/intranet\/wp-json\/wp\/v2\/users\/1"}],"replies":[{"embeddable":true,"href":"https:\/\/fgmm.cl\/intranet\/wp-json\/wp\/v2\/comments?post=49729"}],"version-history":[{"count":0,"href":"https:\/\/fgmm.cl\/intranet\/wp-json\/wp\/v2\/posts\/49729\/revisions"}],"wp:featuredmedia":[{"embeddable":true,"href":"https:\/\/fgmm.cl\/intranet\/wp-json\/wp\/v2\/media\/49730"}],"wp:attachment":[{"href":"https:\/\/fgmm.cl\/intranet\/wp-json\/wp\/v2\/media?parent=49729"}],"wp:term":[{"taxonomy":"category","embeddable":true,"href":"https:\/\/fgmm.cl\/intranet\/wp-json\/wp\/v2\/categories?post=49729"},{"taxonomy":"post_tag","embeddable":true,"href":"https:\/\/fgmm.cl\/intranet\/wp-json\/wp\/v2\/tags?post=49729"}],"curies":[{"name":"wp","href":"https:\/\/api.w.org\/{rel}","templated":true}]}}