{"id":49738,"date":"2019-06-24T16:31:53","date_gmt":"2019-06-24T20:31:53","guid":{"rendered":"https:\/\/fgmm.cl\/intranet\/2019\/06\/24\/fundacion-mustakis-fundacion-teatro-del-lago-y-kafig-becan-a-ocho-estudiantes-para-perfeccionarse-en-francia\/"},"modified":"2019-06-24T16:31:53","modified_gmt":"2019-06-24T20:31:53","slug":"fundacion-mustakis-fundacion-teatro-del-lago-y-kafig-becan-a-ocho-estudiantes-para-perfeccionarse-en-francia","status":"publish","type":"post","link":"https:\/\/fgmm.cl\/intranet\/fundacion-mustakis-fundacion-teatro-del-lago-y-kafig-becan-a-ocho-estudiantes-para-perfeccionarse-en-francia\/","title":{"rendered":"Fundaci\u00f3n Mustakis, Fundaci\u00f3n Teatro del Lago y K\u00e4fig, becan a ocho estudiantes para perfeccionarse en Francia"},"content":{"rendered":"<p><\/p>\n<div class=\"et_pb_section et_pb_fullwidth_section  et_pb_section_60 et_pb_with_background et_section_regular\">\n<div class=\"et_pb_module et_pb_slider  et_pb_fullwidth_slider_12\">\n<div class=\"et_pb_slides\">\n<div class=\"et_pb_slide et_pb_bg_layout_dark et_pb_media_alignment_center et_pb_slide_12 et-pb-active-slide\" style='background-color:#ffffff;background-image:url(http:\/\/www.fundacionmustakis.org\/wp-content\/uploads\/2016\/09\/noticias_mitad.jpg)'>\n<div class=\"et_pb_container clearfix\">\n<div class=\"et_pb_slide_description\">\n<div class=\"et_pb_slide_content\">\n<h1 style=\"text-align: left;font-size: 70px;margin-left: -124px;font-family: proxima_nova_rgbold\"><strong>NOTICIAS<\/strong><\/h1>\n<div class=\"line_titulos_programa\"><\/div>\n<p style=\"text-align: left;font-size: 30px;margin-left: -124px;font-family: proxima_nova_rgbold;margin-top: 20px\">PUNTO DE ENCUENTRO CON LA COMUNIDAD<\/p>\n<\/div><\/div>\n<p> <!-- .et_pb_slide_description -->\n\t\t\t\t<\/div>\n<p> <!-- .et_pb_container --><\/p><\/div>\n<p> <!-- .et_pb_slide --><\/p><\/div>\n<p> <!-- .et_pb_slides -->\n\t\t\t<\/div>\n<p> <!-- .et_pb_slider --><\/p><\/div>\n<p> <!-- .et_pb_section --><\/p>\n<div class=\"et_pb_section et_pb_fullwidth_section hmovil et_pb_section_61 et_pb_with_background et_section_regular\">\n<div class=\"et_pb_module et_pb_slider et_pb_slider_no_pagination  et_pb_fullwidth_slider_13\">\n<div class=\"et_pb_slides\">\n<div class=\"et_pb_slide et_pb_bg_layout_dark et_pb_media_alignment_center et_pb_slide_13 et-pb-active-slide\" style='background-color:#ffffff;background-image:url(http:\/\/www.fundacionmustakis.org\/wp-content\/uploads\/2016\/09\/noticias_mitad.jpg)'>\n<div class=\"et_pb_container clearfix\">\n<div class=\"et_pb_slide_description\">\n<div class=\"et_pb_slide_content\">\n<h1>NOTICIAS<\/h1>\n<div class=\"line_titulos_programa_movil\"><\/div>\n<p>PUNTO DE ENCUENTRO CON LA COMUNIDAD<\/p>\n<\/div><\/div>\n<p> <!-- .et_pb_slide_description -->\n\t\t\t\t<\/div>\n<p> <!-- .et_pb_container --><\/p><\/div>\n<p> <!-- .et_pb_slide --><\/p><\/div>\n<p> <!-- .et_pb_slides -->\n\t\t\t<\/div>\n<p> <!-- .et_pb_slider --><\/p><\/div>\n<p> <!-- .et_pb_section --><\/p>\n<div class=\"et_pb_section  et_pb_section_62 et_pb_with_background et_section_regular\">\n<div class=\" et_pb_row et_pb_row_72\">\n<div class=\"et_pb_column et_pb_column_4_4  et_pb_column_120\">\n<div class=\"et_pb_text et_pb_module et_pb_bg_layout_dark et_pb_text_align_right  et_pb_text_126\">\n<p>Junio, 2019 <span style=\"color: #ffcc00\">N\u00b0 130<\/span><\/p><\/div>\n<p> <!-- .et_pb_text --><\/p>\n<div class=\"et_pb_module et-waypoint et_pb_image et_pb_animation_top et_pb_image_6 et_always_center_on_mobile\">\n\t\t\t\t<img decoding=\"async\" src=\"https:\/\/fgmm.cl\/intranet\/wp-content\/uploads\/2019\/09\/Fundacion-Mustakis-Fundacion-Teatro-del-Lago-y-Kafig-becan-a.jpg\" alt=\"\" \/><\/p><\/div>\n<div class=\"et_pb_text et_pb_module et_pb_bg_layout_light et_pb_text_align_left  et_pb_text_127\">\n<h1><span style=\"color: #0233af;font-size: 54px;font-family: proxima_nova_alt_rgbold;line-height: 54px\"><strong>Fundaci\u00f3n Mustakis, Fundaci\u00f3n Teatro del Lago y K\u00e4fig, becan a ocho estudiantes para perfeccionarse en Francia<\/strong><\/span><\/h1>\n<h3><strong><span style=\"color: #ffb600;font-size: 27px;font-family: proxima_nova_alt_rgbold;line-height: normal\">Los j\u00f3venes participar\u00e1n en los festivales Kalypso y Karavel, que dirige el afamado core\u00f3grafo Mourad Merzouki, gracias a una alianza entre ambas instituciones.<\/span><\/strong><\/h3>\n<p>Mourad Merzouki, fundador de la prestigiada Compa\u00f1\u00eda K\u00e4fig y director del Centro Coreogr\u00e1fico Nacional de Creteil et du Val-de-Marne, en Francia, lleg\u00f3 a Chile el pasado 10 de junio, para sellar una alianza de trabajo por tres a\u00f1os junto a Fundaci\u00f3n Mustakis y Fundaci\u00f3n Teatro del Lago, que permitir\u00e1 a j\u00f3venes bailarines y artistas circenses del sur de Chile perfeccionarse y participar en los festivales de danza Kalypso y Karavel en Par\u00eds y Lyon, respectivamente.<\/p>\n<p>Mourad Merzouki realiz\u00f3 una audici\u00f3n en Frutillar, a 40 estudiantes provenientes del programa Puedes Bailar (Fundaci\u00f3n Mustakis y Teatro del Lago), de la Escuela de Danza Teatro del Lago y de Circo Frutillar, programa desarrollado por Fundaci\u00f3n Mustakis, con el apoyo de la Municipalidad de Frutillar y Fundaci\u00f3n Plades. El core\u00f3grafo franc\u00e9s, luego de una exhaustiva audici\u00f3n, escogi\u00f3 a los 8 j\u00f3venes que podr\u00e1n viajar a Francia para participar en talleres, clases magistrales y en los festivales de danza Kalypso y Karavel en Par\u00eds y Lyon, durante una semana.<\/p>\n<p>De esta alianza nace un programa innovador, no s\u00f3lo porque profundiza y proyecta el trabajo de integraci\u00f3n a trav\u00e9s del circo y la danza, que ya realizan dos instituciones chilenas, sino porque genera oportunidades inmediatas de desarrollo a j\u00f3venes que hoy practican estas disciplinas en las comunas de Frutillar y Recoleta en Santiago.<\/p>\n<p>&#8220;Esta colaboraci\u00f3n maravillosa se gest\u00f3 en 2018 con la venida de Mourad Merzouki a Chile, a Teatro del Lago, con su espect\u00e1culo Pixel. Luego de la exitosa transmisi\u00f3n de repertorio que hicimos entonces, comprendimos que esa era un camino a explorar y en esa determinaci\u00f3n, hemos llegado al punto en que estamos hoy. Es por eso que quiero agradecer en especial a Mourad, por su generosa disposici\u00f3n y voluntad para avanzar en este camino. Y a Fundaci\u00f3n Mustakis, por comprender, al igual que nosotros, la potencia de esta alianza&#8221;, se\u00f1ala Carmen Gloria Larenas, directora art\u00edstica de Teatro del Lago.<\/p>\n<p>Magdalena Krebs, gerente general de Fundaci\u00f3n Mustakis, agrega \u201cpara nosotros es muy importante generar alianzas de largo plazo, como la que sostenemos con el Teatro del Lago. Queremos que ni\u00f1os, ni\u00f1as y j\u00f3venes vivan nuevas experiencias, que les permitan desarrollar competencias y descubrir habilidades, mientras comparten con maestros y otros j\u00f3venes con la misma pasi\u00f3n y conocen el mundo m\u00e1s all\u00e1 de sus lugares de origen\u201d.<\/p>\n<p>Respecto de esta alianza, Mourad Merzouki afirma que \u201cestoy muy contento de haber avanzado en esta idea de vincular a estos j\u00f3venes chilenos con el medio de la danza francesa e internacional. Ellos aprovechar\u00e1n de compartir adem\u00e1s, con un grupo similar de j\u00f3venes de Egipto y Marruecos. Estoy seguro que ser\u00e1 una experiencia formativa excepcional y transformadora para ellos\u201d.<\/p>\n<p>Cabe destacar que esta alianza tendr\u00e1 una duraci\u00f3n inicial de tres a\u00f1os.<\/p>\n<p>Sobre Mourad Merzouki\u2026<\/p>\n<p>Merzouki, hijo de inmigrantes argelinos, encontr\u00f3 en el hip-hop una oportunidad para surgir desde un suburbio desfavorecido de Lyon y generar espect\u00e1culos \u00fanicos que se han presentado en 60 pa\u00edses. Es fundador y director de la compa\u00f1\u00eda de danza K\u00e4fig y tambi\u00e9n director del Centro Coreogr\u00e1fico Nacional de Cr\u00e9teil et du Val-de-Marne.<\/p><\/div>\n<p> <!-- .et_pb_text --><\/p>\n<div class=\"et_pb_button_module_wrapper et_pb_module et_pb_button_alignment_right\">\n\t\t\t\t<a class=\"et_pb_button  et_pb_button_16 et_pb_module et_pb_bg_layout_light\" href=\"http:\/\/www.fundacionmustakis.org\/noticias\/\">Volver a noticias<\/a>\n\t\t\t<\/div>\n<div class=\"et_pb_text et_pb_module et_pb_bg_layout_light et_pb_text_align_center  et_pb_text_128\">\n\t\t\t\t <a href=\"https:\/\/twitter.com\/fundmustakis\" target=\"_blank\" rel=\"noopener noreferrer\"><img loading=\"lazy\" decoding=\"async\" class=\"alignnone wp-image-623 size-full\" src=\"https:\/\/fgmm.cl\/intranet\/wp-content\/uploads\/2019\/09\/ZIM-todos-invitados-a-aprender-sobre-el-ritmo-y-sus.png\" alt=\"twitter\" width=\"48\" height=\"48\" \/><\/a>\u00a0\u00a0\u00a0\u00a0 <a href=\"https:\/\/www.facebook.com\/fundacionmustakis\" target=\"_blank\" rel=\"noopener noreferrer\"><img loading=\"lazy\" decoding=\"async\" class=\"alignnone wp-image-624 size-full\" src=\"https:\/\/fgmm.cl\/intranet\/wp-content\/uploads\/2019\/09\/1568391850_330_ZIM-todos-invitados-a-aprender-sobre-el-ritmo-y-sus.png\" alt=\"face\" width=\"48\" height=\"48\" \/><\/a>\n\t\t\t<\/div>\n<p> <!-- .et_pb_text -->\n\t\t\t<\/div>\n<p> <!-- .et_pb_column --><\/p><\/div>\n<p> <!-- .et_pb_row --><\/p><\/div>\n<p> <!-- .et_pb_section --><\/p>\n<div class=\"et_pb_section  et_pb_section_64 et_pb_with_background et_section_regular\">\n<div class=\" et_pb_row et_pb_row_73\">\n<div class=\"et_pb_column et_pb_column_4_4  et_pb_column_121\">\n<div class=\"et_pb_text et_pb_module et_pb_bg_layout_dark et_pb_text_align_center  et_pb_text_129\">\n<h1 class=\"p1\"><span style=\"font-size: 32px;font-family: proxima_nova_rgbold\">\u00a1\u00daNETE A NUESTRA COMUNIDAD!<\/span><\/h1>\n<\/p><\/div>\n<p> <!-- .et_pb_text -->\n\t\t\t<\/div>\n<p> <!-- .et_pb_column --><\/p><\/div>\n<p> <!-- .et_pb_row --><\/p>\n<div class=\" et_pb_row et_pb_row_74 et_pb_gutters1\">\n<div class=\"et_pb_column et_pb_column_1_4  et_pb_column_122\">\n<div class=\"et_pb_text et_pb_module et_pb_bg_layout_dark et_pb_text_align_left rrss et_pb_text_130\">\n<div><span style=\"color: #ffffff\"><a style=\"color: #ffffff\" href=\"http:\/\/www.facebook.com\/fundacionmustakis\" target=\"_blank\" rel=\"noopener noreferrer\"><img decoding=\"async\" style=\"width: 37px;height: 37px;vertical-align: middle\" src=\"https:\/\/fgmm.cl\/intranet\/wp-content\/uploads\/2019\/09\/1568391850_129_ZIM-todos-invitados-a-aprender-sobre-el-ritmo-y-sus.png\" \/>\u00a0 \u00a0 \u00a0<b>@FundacionMustakis<\/b><\/a><\/span><\/div>\n<\/p><\/div>\n<p> <!-- .et_pb_text -->\n\t\t\t<\/div>\n<p> <!-- .et_pb_column --><\/p>\n<div class=\"et_pb_column et_pb_column_1_4  et_pb_column_123\">\n<div class=\"et_pb_text et_pb_module et_pb_bg_layout_dark et_pb_text_align_left rrss et_pb_text_131\">\n<div><span style=\"color: #ffffff\"><a style=\"color: #ffffff\" href=\"http:\/\/twitter.com\/fundmustakis\" target=\"_blank\" rel=\"noopener noreferrer\"><img decoding=\"async\" style=\"width: 37px;height: 37px;vertical-align: middle\" src=\"https:\/\/fgmm.cl\/intranet\/wp-content\/uploads\/2019\/09\/1568391850_22_ZIM-todos-invitados-a-aprender-sobre-el-ritmo-y-sus.png\" \/>\u00a0 \u00a0 \u00a0<b>@FundMustakis<\/b><\/a><\/span><\/div>\n<\/p><\/div>\n<p> <!-- .et_pb_text -->\n\t\t\t<\/div>\n<p> <!-- .et_pb_column --><\/p>\n<div class=\"et_pb_column et_pb_column_1_4  et_pb_column_124\">\n<div class=\"et_pb_text et_pb_module et_pb_bg_layout_dark et_pb_text_align_left rrss et_pb_text_132\">\n<div><a href=\"http:\/\/www.youtube.com\/channel\/UCAFLMepFhxsTvcNcO5Eokzg\" target=\"_blank\" rel=\"noopener noreferrer\"><img decoding=\"async\" style=\"width: 37px;height: 37px;vertical-align: middle\" src=\"https:\/\/fgmm.cl\/intranet\/wp-content\/uploads\/2019\/09\/1568391850_451_ZIM-todos-invitados-a-aprender-sobre-el-ritmo-y-sus.png\" \/><span style=\"color: #ffffff\">\u00a0 \u00a0 \u00a0<b>Fundaci\u00f3n Mustakis<\/b><\/span><\/a><\/div>\n<\/p><\/div>\n<p> <!-- .et_pb_text -->\n\t\t\t<\/div>\n<p> <!-- .et_pb_column --><\/p>\n<div class=\"et_pb_column et_pb_column_1_4  et_pb_column_125\">\n<div class=\"et_pb_text et_pb_module et_pb_bg_layout_dark et_pb_text_align_left rrss et_pb_text_133\">\n<div><a href=\"http:\/\/www.instagram.com\/FundacionMustakis\" target=\"_blank\" rel=\"noopener noreferrer\"><img decoding=\"async\" style=\"width: 37px;height: 37px;vertical-align: middle\" src=\"https:\/\/fgmm.cl\/intranet\/wp-content\/uploads\/2019\/09\/1568391850_162_ZIM-todos-invitados-a-aprender-sobre-el-ritmo-y-sus.png\" \/><span style=\"color: #ffffff\">\u00a0 \u00a0 \u00a0<b>@FundacionMustakis<\/b><\/span><\/a><\/div>\n<\/p><\/div>\n<p> <!-- .et_pb_text -->\n\t\t\t<\/div>\n<p> <!-- .et_pb_column --><\/p><\/div>\n<p> <!-- .et_pb_row --><\/p>\n<div class=\" et_pb_row et_pb_row_75\">\n<div class=\"et_pb_column et_pb_column_4_4  et_pb_column_126\">\n<div class=\"et_pb_button_module_wrapper et_pb_module et_pb_button_alignment_center\">\n\t\t\t\t<a class=\"et_pb_button  et_pb_button_17 et_pb_module et_pb_bg_layout_dark\" href=\"http:\/\/www.fundacionmustakis.org\/contacto\/\">\u00a1Cont\u00e1ctanos!<\/a>\n\t\t\t<\/div>\n<\/p><\/div>\n<p> <!-- .et_pb_column --><\/p><\/div>\n<p> <!-- .et_pb_row --><\/p>\n<div class=\" et_pb_row et_pb_row_76 et_pb_gutters1\">\n<div class=\"et_pb_column et_pb_column_4_4  et_pb_column_127\">\n<div class=\"et_pb_text et_pb_module et_pb_bg_layout_dark et_pb_text_align_center  et_pb_text_134\">\n<p class=\"p1\" style=\"font-size: 10px\"><b>\u00a9 Fundaci\u00f3n Mustakis 1996 &#8211; 2019 <span class=\"Apple-converted-space\">\u00a0 Recoleta 1169, Recoleta, Santiago &#8211;\u00a0<\/span>Tel\u00e9fono +562 2820 8585<span class=\"Apple-converted-space\">\u00a0 \u00a0 \u00a0 <\/span>contacto@fundacionmustakis.com<\/b><\/p><\/div>\n<p> <!-- .et_pb_text -->\n\t\t\t<\/div>\n<p> <!-- .et_pb_column --><\/p><\/div>\n<p> <!-- .et_pb_row --><\/p><\/div>\n<p> <!-- .et_pb_section --><\/p>\n<div class=\"et_pb_section  et_pb_section_66 et_pb_with_background et_section_regular\">\n<div class=\" et_pb_row et_pb_row_77\">\n<div class=\"et_pb_column et_pb_column_4_4  et_pb_column_128\">\n<div class=\"et_pb_text et_pb_module et_pb_bg_layout_dark et_pb_text_align_center  et_pb_text_135\">\n<h1 class=\"p1\"><span style=\"font-size: 32px;font-family: proxima_nova_rgbold\">\u00a1\u00daNETE A NUESTRA COMUNIDAD!<\/span><\/h1>\n<\/p><\/div>\n<p> <!-- .et_pb_text -->\n\t\t\t<\/div>\n<p> <!-- .et_pb_column --><\/p><\/div>\n<p> <!-- .et_pb_row --><\/p>\n<div class=\" et_pb_row et_pb_row_78 et_pb_gutters1\">\n<div class=\"et_pb_column et_pb_column_1_4  et_pb_column_129\">\n<div class=\"et_pb_text et_pb_module et_pb_bg_layout_dark et_pb_text_align_left rrss et_pb_text_136\">\n<div><a href=\"http:\/\/www.facebook.com\/fundacionmustakis\" target=\"_blank\" rel=\"noopener noreferrer\"><span style=\"color: #ffffff\"><img decoding=\"async\" style=\"width: 37px;height: 37px;vertical-align: middle\" src=\"https:\/\/fgmm.cl\/intranet\/wp-content\/uploads\/2019\/09\/1568391850_129_ZIM-todos-invitados-a-aprender-sobre-el-ritmo-y-sus.png\" \/>\u00a0 \u00a0 \u00a0<b>@FundacionMustakis<\/b><\/span><\/a><\/div>\n<\/p><\/div>\n<p> <!-- .et_pb_text -->\n\t\t\t<\/div>\n<p> <!-- .et_pb_column --><\/p>\n<div class=\"et_pb_column et_pb_column_1_4  et_pb_column_130\">\n<div class=\"et_pb_text et_pb_module et_pb_bg_layout_dark et_pb_text_align_left rrss et_pb_text_137\">\n<div><a href=\"http:\/\/twitter.com\/fundmustakis\" target=\"_blank\" rel=\"noopener noreferrer\"><img decoding=\"async\" style=\"width: 37px;height: 37px;vertical-align: middle\" src=\"https:\/\/fgmm.cl\/intranet\/wp-content\/uploads\/2019\/09\/1568391850_22_ZIM-todos-invitados-a-aprender-sobre-el-ritmo-y-sus.png\" \/><span style=\"color: #ffffff\">\u00a0 \u00a0 \u00a0<b>@FundMustakis<\/b><\/span><\/a><\/div>\n<\/p><\/div>\n<p> <!-- .et_pb_text -->\n\t\t\t<\/div>\n<p> <!-- .et_pb_column --><\/p>\n<div class=\"et_pb_column et_pb_column_1_4  et_pb_column_131\">\n<div class=\"et_pb_text et_pb_module et_pb_bg_layout_dark et_pb_text_align_left rrss et_pb_text_138\">\n<div><a href=\"http:\/\/www.youtube.com\/channel\/UCAFLMepFhxsTvcNcO5Eokzg\" target=\"_blank\" rel=\"noopener noreferrer\"><img decoding=\"async\" style=\"width: 37px;height: 37px;vertical-align: middle\" src=\"https:\/\/fgmm.cl\/intranet\/wp-content\/uploads\/2019\/09\/1568391850_451_ZIM-todos-invitados-a-aprender-sobre-el-ritmo-y-sus.png\" \/><span style=\"color: #ffffff\">\u00a0 \u00a0 \u00a0<b>Fundaci\u00f3n Mustakis<\/b><\/span><\/a><\/div>\n<\/p><\/div>\n<p> <!-- .et_pb_text -->\n\t\t\t<\/div>\n<p> <!-- .et_pb_column --><\/p>\n<div class=\"et_pb_column et_pb_column_1_4  et_pb_column_132\">\n<div class=\"et_pb_text et_pb_module et_pb_bg_layout_dark et_pb_text_align_left rrss et_pb_text_139\">\n<div><a href=\"http:\/\/www.instagram.com\/FundacionMustakis\" target=\"_blank\" rel=\"noopener noreferrer\"><img decoding=\"async\" style=\"width: 37px;height: 37px;vertical-align: middle\" src=\"https:\/\/fgmm.cl\/intranet\/wp-content\/uploads\/2019\/09\/1568391850_162_ZIM-todos-invitados-a-aprender-sobre-el-ritmo-y-sus.png\" \/><span style=\"color: #ffffff\">\u00a0 \u00a0 \u00a0<b>@FundacionMustakis<\/b><\/span><\/a><\/div>\n<\/p><\/div>\n<p> <!-- .et_pb_text -->\n\t\t\t<\/div>\n<p> <!-- .et_pb_column --><\/p><\/div>\n<p> <!-- .et_pb_row --><\/p>\n<div class=\" et_pb_row et_pb_row_79 et_pb_gutters1\">\n<div class=\"et_pb_column et_pb_column_4_4  et_pb_column_133\">\n<div class=\"et_pb_text et_pb_module et_pb_bg_layout_dark et_pb_text_align_center  et_pb_text_140\">\n<p class=\"p1\" style=\"font-size: 10px\"><b>\u00a9 Fundaci\u00f3n Mustakis\u00a0<span class=\"Apple-converted-space\">1996 &#8211; 2018 \u00a0 Recoleta 1169, Recoleta, Santiago &#8211;\u00a0<\/span>Tel\u00e9fono +562 2820 8585<span class=\"Apple-converted-space\">\u00a0 \u00a0 \u00a0 <\/span>contacto@fundacionmustakis.com<\/b><\/p>\n<p>&nbsp;<\/p>\n<p>&nbsp;<\/p><\/div>\n<p> <!-- .et_pb_text -->\n\t\t\t<\/div>\n<p> <!-- .et_pb_column --><\/p><\/div>\n<p> <!-- .et_pb_row --><\/p><\/div>\n<p> <!-- .et_pb_section --><\/p>\n<div class=\"et_pb_section  et_pb_section_68 et_pb_with_background et_section_regular\">\n<div class=\" et_pb_row et_pb_row_80 et_pb_gutters1\">\n<div class=\"et_pb_column et_pb_column_4_4  et_pb_column_134\">\n<div class=\"et_pb_text et_pb_module et_pb_bg_layout_dark et_pb_text_align_center  et_pb_text_141\">\n<h1 class=\"p1\"><span style=\"font-size: 32px;font-family: proxima_nova_rgbold\">\u00a1\u00daNETE A NUESTRA COMUNIDAD!<\/span><\/h1>\n<\/p><\/div>\n<p> <!-- .et_pb_text -->\n\t\t\t<\/div>\n<p> <!-- .et_pb_column --><\/p><\/div>\n<p> <!-- .et_pb_row --><\/p>\n<div class=\" et_pb_row et_pb_row_81 et_pb_gutters1\">\n<div class=\"et_pb_column et_pb_column_1_4  et_pb_column_135\">\n<div class=\"et_pb_text et_pb_module et_pb_bg_layout_dark et_pb_text_align_left rrss et_pb_text_142\">\n<div><span style=\"color: #ffffff\"><a style=\"color: #ffffff\" href=\"http:\/\/www.facebook.com\/fundacionmustakis\" target=\"_blank\" rel=\"noopener noreferrer\"><img decoding=\"async\" style=\"width: 37px;height: 37px;vertical-align: middle\" src=\"https:\/\/fgmm.cl\/intranet\/wp-content\/uploads\/2019\/09\/1568391850_129_ZIM-todos-invitados-a-aprender-sobre-el-ritmo-y-sus.png\" \/>\u00a0 \u00a0 \u00a0<b>@FundacionMustakis<\/b><\/a><\/span><\/div>\n<\/p><\/div>\n<p> <!-- .et_pb_text -->\n\t\t\t<\/div>\n<p> <!-- .et_pb_column --><\/p>\n<div class=\"et_pb_column et_pb_column_1_4  et_pb_column_136\">\n<div class=\"et_pb_text et_pb_module et_pb_bg_layout_dark et_pb_text_align_left rrss et_pb_text_143\">\n<div><a href=\"http:\/\/twitter.com\/fundmustakis\" target=\"_blank\" rel=\"noopener noreferrer\"><img decoding=\"async\" style=\"width: 37px;height: 37px;vertical-align: middle\" src=\"https:\/\/fgmm.cl\/intranet\/wp-content\/uploads\/2019\/09\/1568391850_22_ZIM-todos-invitados-a-aprender-sobre-el-ritmo-y-sus.png\" \/><span style=\"color: #ffffff\">\u00a0 \u00a0 \u00a0<b>@FundMustakis<\/b><\/span><\/a><\/div>\n<\/p><\/div>\n<p> <!-- .et_pb_text -->\n\t\t\t<\/div>\n<p> <!-- .et_pb_column --><\/p>\n<div class=\"et_pb_column et_pb_column_1_4  et_pb_column_137\">\n<div class=\"et_pb_text et_pb_module et_pb_bg_layout_dark et_pb_text_align_left rrss et_pb_text_144\">\n<div><span style=\"color: #ffffff\"><a style=\"color: #ffffff\" href=\"http:\/\/www.youtube.com\/channel\/UCAFLMepFhxsTvcNcO5Eokzg\" target=\"_blank\" rel=\"noopener noreferrer\"><img decoding=\"async\" style=\"width: 37px;height: 37px;vertical-align: middle\" src=\"https:\/\/fgmm.cl\/intranet\/wp-content\/uploads\/2019\/09\/1568391850_451_ZIM-todos-invitados-a-aprender-sobre-el-ritmo-y-sus.png\" \/>\u00a0 \u00a0 \u00a0<b>Fundaci\u00f3n Mustakis<\/b><\/a><\/span><\/div>\n<\/p><\/div>\n<p> <!-- .et_pb_text -->\n\t\t\t<\/div>\n<p> <!-- .et_pb_column --><\/p>\n<div class=\"et_pb_column et_pb_column_1_4  et_pb_column_138\">\n<div class=\"et_pb_text et_pb_module et_pb_bg_layout_dark et_pb_text_align_left rrss et_pb_text_145\">\n<div><a href=\"http:\/\/www.instagram.com\/FundacionMustakis\" target=\"_blank\" rel=\"noopener noreferrer\"><img decoding=\"async\" style=\"width: 37px;height: 37px;vertical-align: middle\" src=\"https:\/\/fgmm.cl\/intranet\/wp-content\/uploads\/2019\/09\/1568391850_162_ZIM-todos-invitados-a-aprender-sobre-el-ritmo-y-sus.png\" \/><span style=\"color: #ffffff\">\u00a0 \u00a0 \u00a0<b>@FundacionMustakis<\/b><\/span><\/a><\/div>\n<\/p><\/div>\n<p> <!-- .et_pb_text -->\n\t\t\t<\/div>\n<p> <!-- .et_pb_column --><\/p><\/div>\n<p> <!-- .et_pb_row --><\/p>\n<div class=\" et_pb_row et_pb_row_82 et_pb_gutters1\">\n<div class=\"et_pb_column et_pb_column_4_4  et_pb_column_139\">\n<div class=\"et_pb_text et_pb_module et_pb_bg_layout_dark et_pb_text_align_center  et_pb_text_146\">\n<p class=\"p1\" style=\"font-size: 10px\"><b>\u00a9 Fundaci\u00f3n Mustakis\u00a0<span class=\"Apple-converted-space\">1996 &#8211; 2019 \u00a0 Recoleta 1169, Recoleta, Santiago &#8211;\u00a0<\/span>Tel\u00e9fono <span style=\"color: #ffffff\"><a style=\"color: #ffffff\" href=\"tel:+562 2820 8585\">+562 2820 8585<\/a><\/span><span class=\"Apple-converted-space\"><span style=\"color: #ffffff\">\u00a0<\/span> \u00a0 \u00a0 <\/span>contacto@fundacionmustakis.com<\/b><\/p>\n<p>\u00a0<\/p><\/div>\n<p> <!-- .et_pb_text -->\n\t\t\t<\/div>\n<p> <!-- .et_pb_column --><\/p><\/div>\n<p> <!-- .et_pb_row --><\/p><\/div>\n<p> <!-- .et_pb_section --><\/p>\n<div class=\"et_pb_section  et_pb_section_69 et_section_regular\">\n<div class=\" et_pb_row et_pb_row_83\">\n<div class=\"et_pb_column et_pb_column_4_4  et_pb_column_140 et_pb_column_empty\"><\/div>\n<p> <!-- .et_pb_column --><\/p><\/div>\n<p> <!-- .et_pb_row --><\/p><\/div>\n<p> <!-- .et_pb_section --><\/p>\n<p><script async src=\"https:\/\/platform.twitter.com\/widgets.js\" charset=\"utf-8\"><\/script><script async defer src=\"https:\/\/platform.instagram.com\/en_US\/embeds.js\"><\/script><br \/>\n<br \/><a href=\"http:\/\/www.fundacionmustakis.org\/fundacion-mustakis-fundacion-teatro-del-lago-y-kafig-becan-a-ocho-estudiantes-para-perfeccionarse-en-francia\/\">Noticia original <\/a><\/p>\n","protected":false},"excerpt":{"rendered":"<p>NOTICIAS PUNTO DE ENCUENTRO CON LA COMUNIDAD NOTICIAS PUNTO DE ENCUENTRO CON LA COMUNIDAD Junio, 2019 N\u00b0 130 Fundaci\u00f3n Mustakis, Fundaci\u00f3n Teatro del Lago y K\u00e4fig, becan a ocho estudiantes para perfeccionarse en Francia Los j\u00f3venes participar\u00e1n en los festivales Kalypso y Karavel, que dirige el afamado core\u00f3grafo Mourad Merzouki, gracias a una alianza entre [&hellip;]<\/p>\n","protected":false},"author":1,"featured_media":49739,"comment_status":"open","ping_status":"open","sticky":false,"template":"","format":"standard","meta":{"_et_pb_use_builder":"","_et_pb_old_content":"","footnotes":""},"categories":[2],"tags":[],"class_list":["post-49738","post","type-post","status-publish","format-standard","has-post-thumbnail","hentry","category-feed-noticias"],"_links":{"self":[{"href":"https:\/\/fgmm.cl\/intranet\/wp-json\/wp\/v2\/posts\/49738","targetHints":{"allow":["GET"]}}],"collection":[{"href":"https:\/\/fgmm.cl\/intranet\/wp-json\/wp\/v2\/posts"}],"about":[{"href":"https:\/\/fgmm.cl\/intranet\/wp-json\/wp\/v2\/types\/post"}],"author":[{"embeddable":true,"href":"https:\/\/fgmm.cl\/intranet\/wp-json\/wp\/v2\/users\/1"}],"replies":[{"embeddable":true,"href":"https:\/\/fgmm.cl\/intranet\/wp-json\/wp\/v2\/comments?post=49738"}],"version-history":[{"count":0,"href":"https:\/\/fgmm.cl\/intranet\/wp-json\/wp\/v2\/posts\/49738\/revisions"}],"wp:featuredmedia":[{"embeddable":true,"href":"https:\/\/fgmm.cl\/intranet\/wp-json\/wp\/v2\/media\/49739"}],"wp:attachment":[{"href":"https:\/\/fgmm.cl\/intranet\/wp-json\/wp\/v2\/media?parent=49738"}],"wp:term":[{"taxonomy":"category","embeddable":true,"href":"https:\/\/fgmm.cl\/intranet\/wp-json\/wp\/v2\/categories?post=49738"},{"taxonomy":"post_tag","embeddable":true,"href":"https:\/\/fgmm.cl\/intranet\/wp-json\/wp\/v2\/tags?post=49738"}],"curies":[{"name":"wp","href":"https:\/\/api.w.org\/{rel}","templated":true}]}}