{"id":49747,"date":"2019-06-20T11:39:03","date_gmt":"2019-06-20T15:39:03","guid":{"rendered":"https:\/\/fgmm.cl\/intranet\/2019\/06\/20\/inscribete-en-el-campamento-de-invierno-de-fundacion-mustakis\/"},"modified":"2019-06-20T11:39:03","modified_gmt":"2019-06-20T15:39:03","slug":"inscribete-en-el-campamento-de-invierno-de-fundacion-mustakis","status":"publish","type":"post","link":"https:\/\/fgmm.cl\/intranet\/inscribete-en-el-campamento-de-invierno-de-fundacion-mustakis\/","title":{"rendered":"Inscr\u00edbete en el Campamento de Invierno de Fundaci\u00f3n Mustakis"},"content":{"rendered":"<p><\/p>\n<div class=\"et_pb_section et_pb_fullwidth_section  et_pb_section_70 et_pb_with_background et_section_regular\">\n<div class=\"et_pb_module et_pb_slider  et_pb_fullwidth_slider_14\">\n<div class=\"et_pb_slides\">\n<div class=\"et_pb_slide et_pb_bg_layout_dark et_pb_media_alignment_center et_pb_slide_14 et-pb-active-slide\" style='background-color:#ffffff;background-image:url(http:\/\/www.fundacionmustakis.org\/wp-content\/uploads\/2016\/09\/noticias_mitad.jpg)'>\n<div class=\"et_pb_container clearfix\">\n<div class=\"et_pb_slide_description\">\n<div class=\"et_pb_slide_content\">\n<h1 style=\"text-align: left;font-size: 70px;margin-left: -124px;font-family: proxima_nova_rgbold\"><strong>NOTICIAS<\/strong><\/h1>\n<div class=\"line_titulos_programa\"><\/div>\n<p style=\"text-align: left;font-size: 30px;margin-left: -124px;font-family: proxima_nova_rgbold;margin-top: 20px\">PUNTO DE ENCUENTRO CON LA COMUNIDAD<\/p>\n<\/div><\/div>\n<p> <!-- .et_pb_slide_description -->\n\t\t\t\t<\/div>\n<p> <!-- .et_pb_container --><\/p><\/div>\n<p> <!-- .et_pb_slide --><\/p><\/div>\n<p> <!-- .et_pb_slides -->\n\t\t\t<\/div>\n<p> <!-- .et_pb_slider --><\/p><\/div>\n<p> <!-- .et_pb_section --><\/p>\n<div class=\"et_pb_section et_pb_fullwidth_section hmovil et_pb_section_71 et_pb_with_background et_section_regular\">\n<div class=\"et_pb_module et_pb_slider et_pb_slider_no_pagination  et_pb_fullwidth_slider_15\">\n<div class=\"et_pb_slides\">\n<div class=\"et_pb_slide et_pb_bg_layout_dark et_pb_media_alignment_center et_pb_slide_15 et-pb-active-slide\" style='background-color:#ffffff;background-image:url(http:\/\/www.fundacionmustakis.org\/wp-content\/uploads\/2016\/09\/noticias_mitad.jpg)'>\n<div class=\"et_pb_container clearfix\">\n<div class=\"et_pb_slide_description\">\n<div class=\"et_pb_slide_content\">\n<h1>NOTICIAS<\/h1>\n<div class=\"line_titulos_programa_movil\"><\/div>\n<p>PUNTO DE ENCUENTRO CON LA COMUNIDAD<\/p>\n<\/div><\/div>\n<p> <!-- .et_pb_slide_description -->\n\t\t\t\t<\/div>\n<p> <!-- .et_pb_container --><\/p><\/div>\n<p> <!-- .et_pb_slide --><\/p><\/div>\n<p> <!-- .et_pb_slides -->\n\t\t\t<\/div>\n<p> <!-- .et_pb_slider --><\/p><\/div>\n<p> <!-- .et_pb_section --><\/p>\n<div class=\"et_pb_section  et_pb_section_72 et_pb_with_background et_section_regular\">\n<div class=\" et_pb_row et_pb_row_84\">\n<div class=\"et_pb_column et_pb_column_4_4  et_pb_column_141\">\n<div class=\"et_pb_text et_pb_module et_pb_bg_layout_dark et_pb_text_align_right  et_pb_text_147\">\n<p>Junio, 2019\u00a0 <span style=\"color: #ffb600\">N\u00ba129<\/span><\/p><\/div>\n<p> <!-- .et_pb_text --><\/p>\n<div class=\"et_pb_module et-waypoint et_pb_image et_pb_animation_top et_pb_image_7 et_always_center_on_mobile\">\n\t\t\t\t<img decoding=\"async\" src=\"https:\/\/fgmm.cl\/intranet\/wp-content\/uploads\/2019\/09\/Inscribete-en-el-Campamento-de-Invierno-de-Fundacion-Mustakis.jpg\" alt=\"\" \/><\/p><\/div>\n<div class=\"et_pb_text et_pb_module et_pb_bg_layout_light et_pb_text_align_left  et_pb_text_148\">\n<h1><span style=\"color: #0233af;font-size: 54px;font-family: proxima_nova_alt_rgbold;line-height: 54px\"><strong>Inscr\u00edbete en el Campamento de Invierno de Fundaci\u00f3n Mustakis<br \/>\n<\/strong><\/span><\/h1>\n<h3><strong><span style=\"color: #ffb600;font-size: 27px;font-family: proxima_nova_alt_rgbold;line-height: normal\">Las actividades se realizar\u00e1n entre el mi\u00e9rcoles 17 de julio y el 26 de julio de 2019.<\/span><\/strong><\/h3>\n<p>Invitamos a ni\u00f1os, ni\u00f1as y j\u00f3venes a participar en las actividades de invierno que tendremos en KAOS Espacio Creativo de Fundaci\u00f3n Mustakis, ubicado en Recoleta. En esta tercera versi\u00f3n, el Campamento de Invierno se dar\u00e1 inicio el d\u00eda mi\u00e9rcoles 17 de julio y culminar\u00e1 el d\u00eda 26 de julio junto con una instalaci\u00f3n de arte colectivo en el patio central de iF Blanco para toda la comunidad.<\/p>\n<p>Las experiencias de este Campamento de Invierno son:<\/p>\n<p><strong>&#8211; Mi zapato imaginario: el arte de mi recorrido<\/strong>: 7 a 10 a\u00f1os. Mi\u00e9rcoles 17 a viernes 26 de julio. 9:30 &#8211; 12:30 horas.<\/p>\n<p style=\"font-weight: 400\">Actividad desarrollada en conjunto \u00a0al equipo del Sugar Hill Museum ( NY, EEUU), busca desarrollar experiencias de aprendizaje en torno a las bellas artes logrando potencial habilidades socioemocionales y experiencias en torno a proyectos de arte.<\/p>\n<p style=\"font-weight: 400\">Desde el 17 de julio al viernes 26 de julio sus participantes ejercitar\u00e1n la creatividad y el pensamiento cr\u00edtico mientras crean obras de arte. Incluye dos sesiones de exploraci\u00f3n de arte junto a familiares para fortalecer relaciones familiares y de la comunidad.<\/p>\n<p><strong>&#8211; Cineastas del futuro: un peque\u00f1o argumento<\/strong>: 10 a 14 a\u00f1os. Mi\u00e9rcoles 17 a viernes 26 de julio. 13:30 &#8211; 16:30 horas.<\/p>\n<p>La propuesta de GATICINE, organizaci\u00f3n que fomenta el v\u00ednculo entre el cine y la educaci\u00f3n para que ni\u00f1os, ni\u00f1as y j\u00f3venes descubran el cine como arte, se plantea como una aventura colectiva y abierta, permitiendo a sus participantes explorar el entorno y las experiencias cotidianas,\u00a0 generar ideas, decidir democr\u00e1ticamente lo que es de inter\u00e9s para la creaci\u00f3n de personajes e historias de un guion colectivo.<\/p>\n<p>Luego, el grupo planificar\u00e1 el rodaje de c\u00e1maras, sonido profesional y as\u00ed montar un cortometraje.<\/p>\n<p>La creaci\u00f3n se proyectar\u00e1 al final de la experiencia.<\/p>\n<p><strong>&#8211; Kinisi: l<\/strong><strong>a creatividad desde lo corporal:<\/strong> 10 a 14 a\u00f1os. Mi\u00e9rcoles 17 a viernes 26 de julio. 9:30 &#8211; 12:30 horas.<\/p>\n<p>Inspirado en las m\u00faltiples emociones que despierta la participaci\u00f3n en actividades de creaci\u00f3n coreogr\u00e1fica, K\u00ednisi invita a experimentar un proceso en tres etapas: \u201cDespertar el cuerpo\u201d, \u201cIdentidad creativa corporal\u201d y \u201cLenguaje propio\u201d, con t\u00e9cnicas provenientes del yoga, el circo, as\u00ed como de movimientos cotidianos para construir una narraci\u00f3n colectiva a partir de las experiencias personales.<\/p>\n<p>Este taller es guiado por los maestros Fernanda Calder\u00f3n y C\u00e9sar Zald\u00edvar, creadores de la experiencia \u201cSiente tu cuerpo\u201d presentada durante el campamento de verano con gran \u00e9xito.<\/p>\n<p><strong>&#8211; Makers Musicales:<\/strong> 12 a 18 a\u00f1os. Lunes 22 a viernes 26 de julio. 9:30 &#8211; 16:30 horas.<\/p>\n<p>En esta segunda versi\u00f3n de la experiencia gestada y organizada por Fundaci\u00f3n Mustakis, en cooperaci\u00f3n con el Precision Engineering Group y el Edgerton Center, adscritos al Massachusetts Institute of Technology (MIT), sus participantes inventar\u00e1n, dise\u00f1ar\u00e1n, construir\u00e1n e interpretar\u00e1n su propio instrumento musical. Para ello,\u00a0 aprender\u00e1n los principios del sonido, su funcionamiento y el uso de la creatividad para dise\u00f1ar y construir sus proyectos art\u00edsticos.<\/p>\n<p>Al finalizar la experiencia, los participantes interpretar\u00e1n sus instrumentos musicales en un ambiente de confianza.<\/p>\n<p><strong>&#8211; Conversa con un robot:<\/strong> 12 a 18 a\u00f1os. Mi\u00e9rcoles 17 a\u00a0 viernes 19. 9:30 &#8211; 16:30 horas.<\/p>\n<p>En el marco de los talleres intensivos de Rob\u00f3tica Educativa de Fundaci\u00f3n Mustakis, se realizar\u00e1 en las dependencias de la fundaci\u00f3n, una actividad en la que sus participantes podr\u00e1n aprender, sin conocimiento previo, a programar un robot educativo del tipo rescate, construido en plataforma Arduino, de manera que sea capaz de ejecutar tareas de manera aut\u00f3noma.<\/p>\n<p>Quienes aprueben el taller, podr\u00e1n continuar su proceso de aprendizaje en el Taller Intermedio de Rob\u00f3tica Educativa en la Facultad de Ciencias F\u00edsicas y Matem\u00e1ticas de la Universidad de Chile.<\/p>\n<p>Los <strong>Campamentos de Fundaci\u00f3n Mustakis<\/strong> han sido pensados como programas que complementan el quehacer regular del espacio\u00a0 y\u00a0 que\u00a0 sirven\u00a0 como\u00a0 un\u00a0 v\u00ednculo\u00a0 con\u00a0 la\u00a0 comunidad m\u00e1s cercana, al ofrecer una serie de actividades que se implementan durante las vacaciones escolares en sus distintos periodos del a\u00f1o.<\/p>\n<p>Las inscripciones se realizan en <a href=\"mailto:kaos@fundacionmustakis.org\">kaos@fundacionmustakis.org<\/a> hasta el 8 de julio de 2019.<\/p>\n<p>&nbsp;<\/p>\n<p>&nbsp;<\/p>\n<p>&nbsp;<\/p><\/div>\n<p> <!-- .et_pb_text --><\/p>\n<div class=\"et_pb_button_module_wrapper et_pb_module et_pb_button_alignment_center\">\n\t\t\t\t<a class=\"et_pb_button  et_pb_button_18 et_pb_module et_pb_bg_layout_dark\" href=\"http:\/\/www.fundacionmustakis.org\/wp-content\/uploads\/2019\/06\/Autorizacion_apoderados-1.pdf\" target=\"_blank\" rel=\"noopener noreferrer\">Ver Carta de autorizaci\u00f3n<\/a>\n\t\t\t<\/div>\n<div class=\"et_pb_button_module_wrapper et_pb_module et_pb_button_alignment_right\">\n\t\t\t\t<a class=\"et_pb_button  et_pb_button_19 et_pb_module et_pb_bg_layout_light\" href=\"http:\/\/www.fundacionmustakis.org\/noticias\/\">Volver a noticias<\/a>\n\t\t\t<\/div>\n<div class=\"et_pb_text et_pb_module et_pb_bg_layout_light et_pb_text_align_center  et_pb_text_149\">\n<p><a href=\"https:\/\/twitter.com\/fundmustakis\" target=\"_blank\" rel=\"noopener noreferrer\"><img loading=\"lazy\" decoding=\"async\" class=\"alignnone wp-image-623 size-full\" src=\"https:\/\/fgmm.cl\/intranet\/wp-content\/uploads\/2019\/09\/ZIM-todos-invitados-a-aprender-sobre-el-ritmo-y-sus.png\" alt=\"twitter\" width=\"48\" height=\"48\" \/><\/a>\u00a0\u00a0\u00a0\u00a0 <a href=\"https:\/\/www.facebook.com\/fundacionmustakis\" target=\"_blank\" rel=\"noopener noreferrer\"><img loading=\"lazy\" decoding=\"async\" class=\"alignnone wp-image-624 size-full\" src=\"https:\/\/fgmm.cl\/intranet\/wp-content\/uploads\/2019\/09\/1568391850_330_ZIM-todos-invitados-a-aprender-sobre-el-ritmo-y-sus.png\" alt=\"face\" width=\"48\" height=\"48\" \/><\/a><\/p><\/div>\n<p> <!-- .et_pb_text -->\n\t\t\t<\/div>\n<p> <!-- .et_pb_column --><\/p><\/div>\n<p> <!-- .et_pb_row --><\/p><\/div>\n<p> <!-- .et_pb_section --><\/p>\n<div class=\"et_pb_section  et_pb_section_74 et_pb_with_background et_section_regular\">\n<div class=\" et_pb_row et_pb_row_85\">\n<div class=\"et_pb_column et_pb_column_4_4  et_pb_column_142\">\n<div class=\"et_pb_text et_pb_module et_pb_bg_layout_dark et_pb_text_align_center  et_pb_text_150\">\n<h1 class=\"p1\"><span style=\"font-size: 32px;font-family: proxima_nova_rgbold\">\u00a1\u00daNETE A NUESTRA COMUNIDAD!<\/span><\/h1>\n<\/p><\/div>\n<p> <!-- .et_pb_text -->\n\t\t\t<\/div>\n<p> <!-- .et_pb_column --><\/p><\/div>\n<p> <!-- .et_pb_row --><\/p>\n<div class=\" et_pb_row et_pb_row_86 et_pb_gutters1\">\n<div class=\"et_pb_column et_pb_column_1_4  et_pb_column_143\">\n<div class=\"et_pb_text et_pb_module et_pb_bg_layout_dark et_pb_text_align_left rrss et_pb_text_151\">\n<div><span style=\"color: #ffffff\"><a style=\"color: #ffffff\" href=\"http:\/\/www.facebook.com\/fundacionmustakis\" target=\"_blank\" rel=\"noopener noreferrer\"><img decoding=\"async\" style=\"width: 37px;height: 37px;vertical-align: middle\" src=\"https:\/\/fgmm.cl\/intranet\/wp-content\/uploads\/2019\/09\/1568391850_129_ZIM-todos-invitados-a-aprender-sobre-el-ritmo-y-sus.png\" \/>\u00a0 \u00a0 \u00a0<b>@FundacionMustakis<\/b><\/a><\/span><\/div>\n<\/p><\/div>\n<p> <!-- .et_pb_text -->\n\t\t\t<\/div>\n<p> <!-- .et_pb_column --><\/p>\n<div class=\"et_pb_column et_pb_column_1_4  et_pb_column_144\">\n<div class=\"et_pb_text et_pb_module et_pb_bg_layout_dark et_pb_text_align_left rrss et_pb_text_152\">\n<div><span style=\"color: #ffffff\"><a style=\"color: #ffffff\" href=\"http:\/\/twitter.com\/fundmustakis\" target=\"_blank\" rel=\"noopener noreferrer\"><img decoding=\"async\" style=\"width: 37px;height: 37px;vertical-align: middle\" src=\"https:\/\/fgmm.cl\/intranet\/wp-content\/uploads\/2019\/09\/1568391850_22_ZIM-todos-invitados-a-aprender-sobre-el-ritmo-y-sus.png\" \/>\u00a0 \u00a0 \u00a0<b>@FundMustakis<\/b><\/a><\/span><\/div>\n<\/p><\/div>\n<p> <!-- .et_pb_text -->\n\t\t\t<\/div>\n<p> <!-- .et_pb_column --><\/p>\n<div class=\"et_pb_column et_pb_column_1_4  et_pb_column_145\">\n<div class=\"et_pb_text et_pb_module et_pb_bg_layout_dark et_pb_text_align_left rrss et_pb_text_153\">\n<div><a href=\"http:\/\/www.youtube.com\/channel\/UCAFLMepFhxsTvcNcO5Eokzg\" target=\"_blank\" rel=\"noopener noreferrer\"><img decoding=\"async\" style=\"width: 37px;height: 37px;vertical-align: middle\" src=\"https:\/\/fgmm.cl\/intranet\/wp-content\/uploads\/2019\/09\/1568391850_451_ZIM-todos-invitados-a-aprender-sobre-el-ritmo-y-sus.png\" \/><span style=\"color: #ffffff\">\u00a0 \u00a0 \u00a0<b>Fundaci\u00f3n Mustakis<\/b><\/span><\/a><\/div>\n<\/p><\/div>\n<p> <!-- .et_pb_text -->\n\t\t\t<\/div>\n<p> <!-- .et_pb_column --><\/p>\n<div class=\"et_pb_column et_pb_column_1_4  et_pb_column_146\">\n<div class=\"et_pb_text et_pb_module et_pb_bg_layout_dark et_pb_text_align_left rrss et_pb_text_154\">\n<div><a href=\"http:\/\/www.instagram.com\/FundacionMustakis\" target=\"_blank\" rel=\"noopener noreferrer\"><img decoding=\"async\" style=\"width: 37px;height: 37px;vertical-align: middle\" src=\"https:\/\/fgmm.cl\/intranet\/wp-content\/uploads\/2019\/09\/1568391850_162_ZIM-todos-invitados-a-aprender-sobre-el-ritmo-y-sus.png\" \/><span style=\"color: #ffffff\">\u00a0 \u00a0 \u00a0<b>@FundacionMustakis<\/b><\/span><\/a><\/div>\n<\/p><\/div>\n<p> <!-- .et_pb_text -->\n\t\t\t<\/div>\n<p> <!-- .et_pb_column --><\/p><\/div>\n<p> <!-- .et_pb_row --><\/p>\n<div class=\" et_pb_row et_pb_row_87\">\n<div class=\"et_pb_column et_pb_column_4_4  et_pb_column_147\">\n<div class=\"et_pb_button_module_wrapper et_pb_module et_pb_button_alignment_center\">\n\t\t\t\t<a class=\"et_pb_button  et_pb_button_20 et_pb_module et_pb_bg_layout_dark\" href=\"http:\/\/www.fundacionmustakis.org\/contacto\/\">\u00a1Cont\u00e1ctanos!<\/a>\n\t\t\t<\/div>\n<\/p><\/div>\n<p> <!-- .et_pb_column --><\/p><\/div>\n<p> <!-- .et_pb_row --><\/p>\n<div class=\" et_pb_row et_pb_row_88 et_pb_gutters1\">\n<div class=\"et_pb_column et_pb_column_4_4  et_pb_column_148\">\n<div class=\"et_pb_text et_pb_module et_pb_bg_layout_dark et_pb_text_align_center  et_pb_text_155\">\n<p class=\"p1\" style=\"font-size: 10px\"><b>\u00a9 Fundaci\u00f3n Mustakis 1996 &#8211; 2019 <span class=\"Apple-converted-space\">\u00a0 Recoleta 1169, Recoleta, Santiago &#8211;\u00a0<\/span>Tel\u00e9fono +562 2820 8585<span class=\"Apple-converted-space\">\u00a0 \u00a0 \u00a0 <\/span>contacto@fundacionmustakis.com<\/b><\/p><\/div>\n<p> <!-- .et_pb_text -->\n\t\t\t<\/div>\n<p> <!-- .et_pb_column --><\/p><\/div>\n<p> <!-- .et_pb_row --><\/p><\/div>\n<p> <!-- .et_pb_section --><\/p>\n<div class=\"et_pb_section  et_pb_section_76 et_pb_with_background et_section_regular\">\n<div class=\" et_pb_row et_pb_row_89\">\n<div class=\"et_pb_column et_pb_column_4_4  et_pb_column_149\">\n<div class=\"et_pb_text et_pb_module et_pb_bg_layout_dark et_pb_text_align_center  et_pb_text_156\">\n<h1 class=\"p1\"><span style=\"font-size: 32px;font-family: proxima_nova_rgbold\">\u00a1\u00daNETE A NUESTRA COMUNIDAD!<\/span><\/h1>\n<\/p><\/div>\n<p> <!-- .et_pb_text -->\n\t\t\t<\/div>\n<p> <!-- .et_pb_column --><\/p><\/div>\n<p> <!-- .et_pb_row --><\/p>\n<div class=\" et_pb_row et_pb_row_90 et_pb_gutters1\">\n<div class=\"et_pb_column et_pb_column_1_4  et_pb_column_150\">\n<div class=\"et_pb_text et_pb_module et_pb_bg_layout_dark et_pb_text_align_left rrss et_pb_text_157\">\n<div><a href=\"http:\/\/www.facebook.com\/fundacionmustakis\" target=\"_blank\" rel=\"noopener noreferrer\"><span style=\"color: #ffffff\"><img decoding=\"async\" style=\"width: 37px;height: 37px;vertical-align: middle\" src=\"https:\/\/fgmm.cl\/intranet\/wp-content\/uploads\/2019\/09\/1568391850_129_ZIM-todos-invitados-a-aprender-sobre-el-ritmo-y-sus.png\" \/>\u00a0 \u00a0 \u00a0<b>@FundacionMustakis<\/b><\/span><\/a><\/div>\n<\/p><\/div>\n<p> <!-- .et_pb_text -->\n\t\t\t<\/div>\n<p> <!-- .et_pb_column --><\/p>\n<div class=\"et_pb_column et_pb_column_1_4  et_pb_column_151\">\n<div class=\"et_pb_text et_pb_module et_pb_bg_layout_dark et_pb_text_align_left rrss et_pb_text_158\">\n<div><a href=\"http:\/\/twitter.com\/fundmustakis\" target=\"_blank\" rel=\"noopener noreferrer\"><img decoding=\"async\" style=\"width: 37px;height: 37px;vertical-align: middle\" src=\"https:\/\/fgmm.cl\/intranet\/wp-content\/uploads\/2019\/09\/1568391850_22_ZIM-todos-invitados-a-aprender-sobre-el-ritmo-y-sus.png\" \/><span style=\"color: #ffffff\">\u00a0 \u00a0 \u00a0<b>@FundMustakis<\/b><\/span><\/a><\/div>\n<\/p><\/div>\n<p> <!-- .et_pb_text -->\n\t\t\t<\/div>\n<p> <!-- .et_pb_column --><\/p>\n<div class=\"et_pb_column et_pb_column_1_4  et_pb_column_152\">\n<div class=\"et_pb_text et_pb_module et_pb_bg_layout_dark et_pb_text_align_left rrss et_pb_text_159\">\n<div><a href=\"http:\/\/www.youtube.com\/channel\/UCAFLMepFhxsTvcNcO5Eokzg\" target=\"_blank\" rel=\"noopener noreferrer\"><img decoding=\"async\" style=\"width: 37px;height: 37px;vertical-align: middle\" src=\"https:\/\/fgmm.cl\/intranet\/wp-content\/uploads\/2019\/09\/1568391850_451_ZIM-todos-invitados-a-aprender-sobre-el-ritmo-y-sus.png\" \/><span style=\"color: #ffffff\">\u00a0 \u00a0 \u00a0<b>Fundaci\u00f3n Mustakis<\/b><\/span><\/a><\/div>\n<\/p><\/div>\n<p> <!-- .et_pb_text -->\n\t\t\t<\/div>\n<p> <!-- .et_pb_column --><\/p>\n<div class=\"et_pb_column et_pb_column_1_4  et_pb_column_153\">\n<div class=\"et_pb_text et_pb_module et_pb_bg_layout_dark et_pb_text_align_left rrss et_pb_text_160\">\n<div><a href=\"http:\/\/www.instagram.com\/FundacionMustakis\" target=\"_blank\" rel=\"noopener noreferrer\"><img decoding=\"async\" style=\"width: 37px;height: 37px;vertical-align: middle\" src=\"https:\/\/fgmm.cl\/intranet\/wp-content\/uploads\/2019\/09\/1568391850_162_ZIM-todos-invitados-a-aprender-sobre-el-ritmo-y-sus.png\" \/><span style=\"color: #ffffff\">\u00a0 \u00a0 \u00a0<b>@FundacionMustakis<\/b><\/span><\/a><\/div>\n<\/p><\/div>\n<p> <!-- .et_pb_text -->\n\t\t\t<\/div>\n<p> <!-- .et_pb_column --><\/p><\/div>\n<p> <!-- .et_pb_row --><\/p>\n<div class=\" et_pb_row et_pb_row_91 et_pb_gutters1\">\n<div class=\"et_pb_column et_pb_column_4_4  et_pb_column_154\">\n<div class=\"et_pb_text et_pb_module et_pb_bg_layout_dark et_pb_text_align_center  et_pb_text_161\">\n<p class=\"p1\" style=\"font-size: 10px\"><b>\u00a9 Fundaci\u00f3n Mustakis\u00a0<span class=\"Apple-converted-space\">1996 &#8211; 2018 \u00a0 Recoleta 1169, Recoleta, Santiago &#8211;\u00a0<\/span>Tel\u00e9fono +562 2820 8585<span class=\"Apple-converted-space\">\u00a0 \u00a0 \u00a0 <\/span>contacto@fundacionmustakis.com<\/b><\/p>\n<p>&nbsp;<\/p>\n<p>&nbsp;<\/p><\/div>\n<p> <!-- .et_pb_text -->\n\t\t\t<\/div>\n<p> <!-- .et_pb_column --><\/p><\/div>\n<p> <!-- .et_pb_row --><\/p><\/div>\n<p> <!-- .et_pb_section --><\/p>\n<div class=\"et_pb_section  et_pb_section_78 et_pb_with_background et_section_regular\">\n<div class=\" et_pb_row et_pb_row_92 et_pb_gutters1\">\n<div class=\"et_pb_column et_pb_column_4_4  et_pb_column_155\">\n<div class=\"et_pb_text et_pb_module et_pb_bg_layout_dark et_pb_text_align_center  et_pb_text_162\">\n<h1 class=\"p1\"><span style=\"font-size: 32px;font-family: proxima_nova_rgbold\">\u00a1\u00daNETE A NUESTRA COMUNIDAD!<\/span><\/h1>\n<\/p><\/div>\n<p> <!-- .et_pb_text -->\n\t\t\t<\/div>\n<p> <!-- .et_pb_column --><\/p><\/div>\n<p> <!-- .et_pb_row --><\/p>\n<div class=\" et_pb_row et_pb_row_93 et_pb_gutters1\">\n<div class=\"et_pb_column et_pb_column_1_4  et_pb_column_156\">\n<div class=\"et_pb_text et_pb_module et_pb_bg_layout_dark et_pb_text_align_left rrss et_pb_text_163\">\n<div><span style=\"color: #ffffff\"><a style=\"color: #ffffff\" href=\"http:\/\/www.facebook.com\/fundacionmustakis\" target=\"_blank\" rel=\"noopener noreferrer\"><img decoding=\"async\" style=\"width: 37px;height: 37px;vertical-align: middle\" src=\"https:\/\/fgmm.cl\/intranet\/wp-content\/uploads\/2019\/09\/1568391850_129_ZIM-todos-invitados-a-aprender-sobre-el-ritmo-y-sus.png\" \/>\u00a0 \u00a0 \u00a0<b>@FundacionMustakis<\/b><\/a><\/span><\/div>\n<\/p><\/div>\n<p> <!-- .et_pb_text -->\n\t\t\t<\/div>\n<p> <!-- .et_pb_column --><\/p>\n<div class=\"et_pb_column et_pb_column_1_4  et_pb_column_157\">\n<div class=\"et_pb_text et_pb_module et_pb_bg_layout_dark et_pb_text_align_left rrss et_pb_text_164\">\n<div><a href=\"http:\/\/twitter.com\/fundmustakis\" target=\"_blank\" rel=\"noopener noreferrer\"><img decoding=\"async\" style=\"width: 37px;height: 37px;vertical-align: middle\" src=\"https:\/\/fgmm.cl\/intranet\/wp-content\/uploads\/2019\/09\/1568391850_22_ZIM-todos-invitados-a-aprender-sobre-el-ritmo-y-sus.png\" \/><span style=\"color: #ffffff\">\u00a0 \u00a0 \u00a0<b>@FundMustakis<\/b><\/span><\/a><\/div>\n<\/p><\/div>\n<p> <!-- .et_pb_text -->\n\t\t\t<\/div>\n<p> <!-- .et_pb_column --><\/p>\n<div class=\"et_pb_column et_pb_column_1_4  et_pb_column_158\">\n<div class=\"et_pb_text et_pb_module et_pb_bg_layout_dark et_pb_text_align_left rrss et_pb_text_165\">\n<div><span style=\"color: #ffffff\"><a style=\"color: #ffffff\" href=\"http:\/\/www.youtube.com\/channel\/UCAFLMepFhxsTvcNcO5Eokzg\" target=\"_blank\" rel=\"noopener noreferrer\"><img decoding=\"async\" style=\"width: 37px;height: 37px;vertical-align: middle\" src=\"https:\/\/fgmm.cl\/intranet\/wp-content\/uploads\/2019\/09\/1568391850_451_ZIM-todos-invitados-a-aprender-sobre-el-ritmo-y-sus.png\" \/>\u00a0 \u00a0 \u00a0<b>Fundaci\u00f3n Mustakis<\/b><\/a><\/span><\/div>\n<\/p><\/div>\n<p> <!-- .et_pb_text -->\n\t\t\t<\/div>\n<p> <!-- .et_pb_column --><\/p>\n<div class=\"et_pb_column et_pb_column_1_4  et_pb_column_159\">\n<div class=\"et_pb_text et_pb_module et_pb_bg_layout_dark et_pb_text_align_left rrss et_pb_text_166\">\n<div><a href=\"http:\/\/www.instagram.com\/FundacionMustakis\" target=\"_blank\" rel=\"noopener noreferrer\"><img decoding=\"async\" style=\"width: 37px;height: 37px;vertical-align: middle\" src=\"https:\/\/fgmm.cl\/intranet\/wp-content\/uploads\/2019\/09\/1568391850_162_ZIM-todos-invitados-a-aprender-sobre-el-ritmo-y-sus.png\" \/><span style=\"color: #ffffff\">\u00a0 \u00a0 \u00a0<b>@FundacionMustakis<\/b><\/span><\/a><\/div>\n<\/p><\/div>\n<p> <!-- .et_pb_text -->\n\t\t\t<\/div>\n<p> <!-- .et_pb_column --><\/p><\/div>\n<p> <!-- .et_pb_row --><\/p>\n<div class=\" et_pb_row et_pb_row_94 et_pb_gutters1\">\n<div class=\"et_pb_column et_pb_column_4_4  et_pb_column_160\">\n<div class=\"et_pb_text et_pb_module et_pb_bg_layout_dark et_pb_text_align_center  et_pb_text_167\">\n<p class=\"p1\" style=\"font-size: 10px\"><b>\u00a9 Fundaci\u00f3n Mustakis\u00a0<span class=\"Apple-converted-space\">1996 &#8211; 2019 \u00a0 Recoleta 1169, Recoleta, Santiago &#8211;\u00a0<\/span>Tel\u00e9fono <span style=\"color: #ffffff\"><a style=\"color: #ffffff\" href=\"tel:+562 2820 8585\">+562 2820 8585<\/a><\/span><span class=\"Apple-converted-space\"><span style=\"color: #ffffff\">\u00a0<\/span> \u00a0 \u00a0 <\/span>contacto@fundacionmustakis.com<\/b><\/p>\n<p>\u00a0<\/p><\/div>\n<p> <!-- .et_pb_text -->\n\t\t\t<\/div>\n<p> <!-- .et_pb_column --><\/p><\/div>\n<p> <!-- .et_pb_row --><\/p><\/div>\n<p> <!-- .et_pb_section --><\/p>\n<p><script async src=\"https:\/\/platform.twitter.com\/widgets.js\" charset=\"utf-8\"><\/script><script async defer src=\"https:\/\/platform.instagram.com\/en_US\/embeds.js\"><\/script><br \/>\n<br \/><a href=\"http:\/\/www.fundacionmustakis.org\/inscribete-en-el-campamento-de-invierno-de-fundacion-mustakis\/\">Noticia original <\/a><\/p>\n","protected":false},"excerpt":{"rendered":"<p>NOTICIAS PUNTO DE ENCUENTRO CON LA COMUNIDAD NOTICIAS PUNTO DE ENCUENTRO CON LA COMUNIDAD Junio, 2019\u00a0 N\u00ba129 Inscr\u00edbete en el Campamento de Invierno de Fundaci\u00f3n Mustakis Las actividades se realizar\u00e1n entre el mi\u00e9rcoles 17 de julio y el 26 de julio de 2019. Invitamos a ni\u00f1os, ni\u00f1as y j\u00f3venes a participar en las actividades de [&hellip;]<\/p>\n","protected":false},"author":1,"featured_media":49748,"comment_status":"open","ping_status":"open","sticky":false,"template":"","format":"standard","meta":{"_et_pb_use_builder":"","_et_pb_old_content":"","footnotes":""},"categories":[2],"tags":[],"class_list":["post-49747","post","type-post","status-publish","format-standard","has-post-thumbnail","hentry","category-feed-noticias"],"_links":{"self":[{"href":"https:\/\/fgmm.cl\/intranet\/wp-json\/wp\/v2\/posts\/49747","targetHints":{"allow":["GET"]}}],"collection":[{"href":"https:\/\/fgmm.cl\/intranet\/wp-json\/wp\/v2\/posts"}],"about":[{"href":"https:\/\/fgmm.cl\/intranet\/wp-json\/wp\/v2\/types\/post"}],"author":[{"embeddable":true,"href":"https:\/\/fgmm.cl\/intranet\/wp-json\/wp\/v2\/users\/1"}],"replies":[{"embeddable":true,"href":"https:\/\/fgmm.cl\/intranet\/wp-json\/wp\/v2\/comments?post=49747"}],"version-history":[{"count":0,"href":"https:\/\/fgmm.cl\/intranet\/wp-json\/wp\/v2\/posts\/49747\/revisions"}],"wp:featuredmedia":[{"embeddable":true,"href":"https:\/\/fgmm.cl\/intranet\/wp-json\/wp\/v2\/media\/49748"}],"wp:attachment":[{"href":"https:\/\/fgmm.cl\/intranet\/wp-json\/wp\/v2\/media?parent=49747"}],"wp:term":[{"taxonomy":"category","embeddable":true,"href":"https:\/\/fgmm.cl\/intranet\/wp-json\/wp\/v2\/categories?post=49747"},{"taxonomy":"post_tag","embeddable":true,"href":"https:\/\/fgmm.cl\/intranet\/wp-json\/wp\/v2\/tags?post=49747"}],"curies":[{"name":"wp","href":"https:\/\/api.w.org\/{rel}","templated":true}]}}