{"id":49939,"date":"2019-12-26T18:05:47","date_gmt":"2019-12-26T21:05:47","guid":{"rendered":"https:\/\/fgmm.cl\/intranet\/se-parte-del-campamento-de-verano-2020-de-fundacion-mustakis\/"},"modified":"2019-12-26T18:05:47","modified_gmt":"2019-12-26T21:05:47","slug":"se-parte-del-campamento-de-verano-2020-de-fundacion-mustakis","status":"publish","type":"post","link":"https:\/\/fgmm.cl\/intranet\/se-parte-del-campamento-de-verano-2020-de-fundacion-mustakis\/","title":{"rendered":"S\u00e9 parte del Campamento de Verano 2020 de Fundaci\u00f3n Mustakis"},"content":{"rendered":"<p><\/p>\n<div class=\"et_pb_section et_pb_fullwidth_section  et_pb_section_0 et_pb_with_background et_section_regular\">\n<div class=\"et_pb_module et_pb_slider  et_pb_fullwidth_slider_0\">\n<div class=\"et_pb_slides\">\n<div class=\"et_pb_slide et_pb_bg_layout_dark et_pb_media_alignment_center et_pb_slide_0 et-pb-active-slide\" style='background-color:#ffffff;background-image:url(http:\/\/www.fundacionmustakis.org\/wp-content\/uploads\/2016\/09\/noticias_mitad.jpg)'>\n<div class=\"et_pb_container clearfix\">\n<div class=\"et_pb_slide_description\">\n<div class=\"et_pb_slide_content\">\n<h1 style=\"text-align: left;font-size: 70px;margin-left: -124px;font-family: proxima_nova_rgbold\"><strong>NOTICIAS<\/strong><\/h1>\n<div class=\"line_titulos_programa\"><\/div>\n<p style=\"text-align: left;font-size: 30px;margin-left: -124px;font-family: proxima_nova_rgbold;margin-top: 20px\">PUNTO DE ENCUENTRO CON LA COMUNIDAD<\/p>\n<\/div><\/div>\n<p> <!-- .et_pb_slide_description -->\n\t\t\t\t<\/div>\n<p> <!-- .et_pb_container --><\/p><\/div>\n<p> <!-- .et_pb_slide --><\/p><\/div>\n<p> <!-- .et_pb_slides -->\n\t\t\t<\/div>\n<p> <!-- .et_pb_slider --><\/p><\/div>\n<p> <!-- .et_pb_section --><\/p>\n<div class=\"et_pb_section et_pb_fullwidth_section hmovil et_pb_section_1 et_pb_with_background et_section_regular\">\n<div class=\"et_pb_module et_pb_slider et_pb_slider_no_pagination  et_pb_fullwidth_slider_1\">\n<div class=\"et_pb_slides\">\n<div class=\"et_pb_slide et_pb_bg_layout_dark et_pb_media_alignment_center et_pb_slide_1 et-pb-active-slide\" style='background-color:#ffffff;background-image:url(http:\/\/www.fundacionmustakis.org\/wp-content\/uploads\/2016\/09\/noticias_mitad.jpg)'>\n<div class=\"et_pb_container clearfix\">\n<div class=\"et_pb_slide_description\">\n<div class=\"et_pb_slide_content\">\n<h1>NOTICIAS<\/h1>\n<div class=\"line_titulos_programa_movil\"><\/div>\n<p>PUNTO DE ENCUENTRO CON LA COMUNIDAD<\/p>\n<\/div><\/div>\n<p> <!-- .et_pb_slide_description -->\n\t\t\t\t<\/div>\n<p> <!-- .et_pb_container --><\/p><\/div>\n<p> <!-- .et_pb_slide --><\/p><\/div>\n<p> <!-- .et_pb_slides -->\n\t\t\t<\/div>\n<p> <!-- .et_pb_slider --><\/p><\/div>\n<p> <!-- .et_pb_section --><\/p>\n<div class=\"et_pb_section  et_pb_section_2 et_pb_with_background et_section_regular\">\n<div class=\" et_pb_row et_pb_row_0\">\n<div class=\"et_pb_column et_pb_column_4_4  et_pb_column_0\">\n<div class=\"et_pb_text et_pb_module et_pb_bg_layout_dark et_pb_text_align_right  et_pb_text_0\">\n<p>Diciembre, 2019\u00a0 <span style=\"color: #ffb600\">N\u00ba144<\/span><\/p><\/div>\n<p> <!-- .et_pb_text --><\/p>\n<div class=\"et_pb_module et-waypoint et_pb_image et_pb_animation_top et_pb_image_0 et_always_center_on_mobile\">\n\t\t\t\t<img decoding=\"async\" src=\"https:\/\/fgmm.cl\/intranet\/wp-content\/uploads\/2019\/12\/se-parte-del-campamento-de-verano-2020-de-fundacion-mustakis.png\" alt=\"\" \/><\/p><\/div>\n<div class=\"et_pb_text et_pb_module et_pb_bg_layout_light et_pb_text_align_left  et_pb_text_1\">\n<h1><span style=\"color: #0233af;font-size: 54px;font-family: proxima_nova_alt_rgbold;line-height: 54px\"><strong>S\u00e9 parte del Campamento de<\/strong> <strong>Verano 2020 de Fundaci\u00f3n Mustakis<br \/>\n<\/strong><\/span><\/h1>\n<h3><strong><span style=\"color: #ffb600;font-size: 27px;font-family: proxima_nova_alt_rgbold;line-height: normal\">Las actividades se realizar\u00e1n desde el 6 de enero hasta el 8 de febrero y, por primera vez, tendr\u00e1 su piloto en Frutillar.<\/span><\/strong><\/h3>\n<p>Durante los meses de enero y febrero, <strong>Fundaci\u00f3n Mustakis<\/strong> ha preparado una serie de experiencias que permitir\u00e1n a ni\u00f1os, ni\u00f1as y j\u00f3venes, vivir experiencias que los inviten a observar con curiosidad, apreciar desde la empat\u00eda y reflexionar desde el pensamiento cr\u00edtico.<br \/>\nLa programaci\u00f3n del <strong>Campamento de Verano 2020<\/strong>, se desarrollar\u00e1 a trav\u00e9s de diferentes actividades que se realizar\u00e1n entre el pr\u00f3ximo 6 de enero hasta el 8 de febrero.<\/p>\n<p>Las experiencias del pr\u00f3ximo campamento son:<\/p>\n<p><strong>\u2022\u00a0\u00a0 \u00a0La qu\u00edmica de lo peque\u00f1o (lunes 6 a viernes 10 de enero)<\/strong><br \/>\nSe fomentar\u00e1 a trav\u00e9s de diferentes experiencias, el desarrollo de inter\u00e9s y explotaci\u00f3n de la ciencia en los participantes. El taller busca acercar a los j\u00f3venes y ni\u00f1os al mundo cient\u00edfico, en donde a trav\u00e9s de experiencias pr\u00e1cticas puedan comprender una serie de conceptos y nuevos conocimientos que ir\u00e1n adquiriendo a lo largo de las sesiones, buscando el desarrollo de nuevas habilidades, el uso de sus mentes y el trabajo en equipo.<\/p>\n<p><strong>\u2022\u00a0\u00a0 \u00a0F\u00fatbol M\u00e1s (martes 7 a viernes 31 de enero)<\/strong><br \/>\nF\u00fatbol M\u00e1s es una actividad que permite la vinculaci\u00f3n con la comunidad a trav\u00e9s del juego, instancias familiares y conciencia del entorno. Usando la cancha no s\u00f3lo para jugar f\u00fatbol, ni\u00f1os, ni\u00f1as y j\u00f3venes tambi\u00e9n desarrollar\u00e1n empat\u00eda, trabajo en equipo, confianza, reflexi\u00f3n y comunidad.<br \/>\nFundaci\u00f3n F\u00fatbol M\u00e1s, mentores en esta actividad, ganaron este a\u00f1o el premio FIFA Diversity 2019 por su trabajo en promover la diversidad y el empoderamiento de los j\u00f3venes a nivel global.<\/p>\n<p><strong>\u2022\u00a0\u00a0 \u00a0Teatro en Ingl\u00e9s (lunes 13 a viernes 17 de enero)<\/strong><br \/>\nLa experiencia consta del desarrollo colectivo de un proyecto cinematogr\u00e1fico en ingl\u00e9s facilitada por Val\u00e9rie Fauvage y Olivia Jenks de Live Language Theater Company, compa\u00f1\u00eda de teatro que se dedica a la creaci\u00f3n, producci\u00f3n y distribuci\u00f3n de obras de teatro interactivas como complemento al aprendizaje de la lengua inglesa. Utilizan una metodolog\u00eda que facilita la interacci\u00f3n entre los participantes en ingl\u00e9s, generando contextos participativos.<br \/>\nLa iniciativa busca proporcionar a los participantes una experiencia fuera del entorno tradicional de la clase, con obras de teatro divertidas y accesibles que invitan a los alumnos hablar y participar en ingl\u00e9s.<\/p>\n<p><strong>\u2022\u00a0\u00a0 \u00a0Electr\u00f3nica Musical (lunes 20 a viernes 24 de enero)<\/strong><br \/>\nLa Magia del circuit bending por Rial Fest. Este verano los participantes podr\u00e1n ser parte del movimiento musical experimental \u201cCircuit Bending\u201d introducido por Reed Ghazala, quien un d\u00eda descubri\u00f3 todo el espectro musical y electr\u00f3nico a partir de un transistor de un juguete viejo, el cual hizo corto circuito con un metal en su escritorio resultando en un sinf\u00edn de sonidos inusuales que derivaron en un nuevo g\u00e9nero musical. Rial Fest, expertos en m\u00fasica y quienes han potenciado el talento de j\u00f3venes artistas chilenos vienen con esta interesante propuesta junto al artista Ervo Perez, para desarrollar la curiosidad y ver el interior de un juguete electr\u00f3nico, comprender su funcionamiento para luego reconvertirlo en un nuevo instrumento musical.<\/p>\n<p><strong>\u2022\u00a0\u00a0 \u00a0Artecollage con Mabe Panizo (lunes 27 a viernes 31 de enero)<\/strong><br \/>\nLos participantes de 7 a 10 a\u00f1os aprender\u00e1n la t\u00e9cnica del collage como instrumento art\u00edstico para la expresi\u00f3n creativa la exploraci\u00f3n de su entorno y el autoconocimiento. La actividad desaf\u00eda a los ni\u00f1os y ni\u00f1as a expresar sus ideas, inquietudes e intereses, ayud\u00e1ndolos as\u00ed a aprender m\u00e1s de s\u00ed mismos, valorar sus experiencias, y conectarse con sus emociones internas.<br \/>\nUn ambiente c\u00f3modo y estimulante facilitar\u00e1 el aprendizaje y trabajo creativo por medio de exploraci\u00f3n en la naturaleza, m\u00fasica y cuenta cuentos para ampliar la imaginaci\u00f3n y creaci\u00f3n. La actividad finalizar\u00e1 en una exposici\u00f3n abierta al p\u00fablico.<br \/>\nPanizo es parte del repertorio de artistas de Universidad de Papel organizado por F\u00e1brica de Medios.<\/p>\n<p><strong>\u2022\u00a0\u00a0 \u00a0Makers Musicales III (lunes 27 a viernes 31 de enero)<\/strong><br \/>\n\u00bfC\u00f3mo se construye la m\u00fasica? En este campamento los participantes, constructores musicales, inventar\u00e1n, dise\u00f1ar\u00e1n, construir\u00e1n e interpretar\u00e1n su propio instrumento musical. Aprender\u00e1n los principios del sonido, c\u00f3mo funcionan los instrumentos musicales y c\u00f3mo usar la creatividad para dise\u00f1ar y construir sus proyectos art\u00edsticos. Al finalizar el campamento, los asistentes realizar\u00e1n una presentaci\u00f3n musicalizada, donde mostrar\u00e1n sus instrumentos en un ambiente de confianza.<\/p>\n<p><strong>\u2022\u00a0\u00a0 \u00a0Mito Danza Teatro: El Rey Midas por Gabriela Serani (lunes 3 a viernes 7 de febrero)<\/strong><br \/>\nSe propone la creaci\u00f3n de una obra de danza y teatro colectiva para participantes de 10 a 14 a\u00f1os de edad, la que se basar\u00e1 en el mito griego de El Rey Midas, que nos ense\u00f1a a valorar lo que tenemos. Ni\u00f1os, ni\u00f1as y j\u00f3venes tendr\u00e1n la oportunidad de crear la propia puesta en escena, descubriendo las m\u00faltiples tareas y roles que forman parte de una obra esc\u00e9nica; como m\u00fasica, vestuario, iluminaci\u00f3n, coreograf\u00eda, entre otros.<br \/>\n*Cuenta el mito que hubo un rey avaro llamado Midas, quien dese\u00f3 que todo lo que tocase se convirtiese en oro. El deseo se cumpli\u00f3 y, aunque al principio estaba encantado con el lujo que lo rodeaba, se convirti\u00f3 en una maldici\u00f3n.<\/p>\n<p><strong>\u2022\u00a0\u00a0 \u00a0Escuela de B\u00e9isbol con Homerun (martes 4 a s\u00e1bado 8 de febrero)<\/strong><br \/>\n\u00a1Home run es cuando bateas la pelota hasta el infinito y m\u00e1s all\u00e1! A trav\u00e9s del juego, la curiosidad y la mentalidad de crecimiento los ni\u00f1os, ni\u00f1as y j\u00f3venes aprender\u00e1n un nuevo deporte, desarrollar\u00e1n nuevos movimientos corporales, crear\u00e1n nuevas instancias de juego y tendr\u00e1n una vida sana.<\/p>\n<p><strong>\u2022\u00a0\u00a0 \u00a0Artista en Residencia con Damien Davis (mi\u00e9rcoles 8 a jueves 16 de enero)<\/strong><br \/>\nNuevamente contaremos con una experiencia del museo de Nueva York, Sugar Hill Children\u2019s Musesum of Art &amp; Storytelling. En esta oportunidad, contaremos con el artista estadounidense Damien Davis, quien a trav\u00e9s de sus obras, expone el lenguaje visual de varias culturas y c\u00f3mo la sociedad codifica o decodifica la representaci\u00f3n de la raza a trav\u00e9s de una combinaci\u00f3n que involucra arte visual, dise\u00f1o y arte digital.<br \/>\nLa oportunidad de ver c\u00f3mo un artista se inspira y lleva a cabo su proceso creativo, ser\u00e1 lo que podremos apreciar durante su estad\u00eda en Mustakis, a trav\u00e9s de un espacio especialmente concebido para observar, compartir y hacer: la galer\u00eda.<\/p>\n<p>A diferencia de a\u00f1os anteriores, estas actividades se realizar\u00e1n en diferentes espacios: KAOS Espacio Creativo, Laboratorio de Innovaci\u00f3n, Galer\u00eda Schlack 420, Cancha Schlack en Recoleta y el piloto de Espacio Creativo en Frutillar.<\/p>\n<p>\u00a1Esperamos alcanzar 200 participantes!<\/p>\n<p>Quienes est\u00e9n interesados deben enviar un correo a kaos@fundacionmustakis.org, adjuntando la ficha de autorizaci\u00f3n firmada por tu apoderado o puedes traerla personalmente a Fundaci\u00f3n Mustakis, Puma 1180, Recoleta.<\/p>\n<p>.<\/p><\/div>\n<p> <!-- .et_pb_text --><\/p>\n<div class=\"et_pb_button_module_wrapper et_pb_module et_pb_button_alignment_center\">\n\t\t\t\t<a class=\"et_pb_button  et_pb_button_0 et_pb_module et_pb_bg_layout_dark\" href=\"http:\/\/www.fundacionmustakis.org\/wp-content\/uploads\/2019\/12\/Carta-de-autorizacion-VERANO-2020-fgmm.pdf\" target=\"_blank\" rel=\"noopener noreferrer\">Carta de autorizaci\u00f3n<\/a>\n\t\t\t<\/div>\n<div class=\"et_pb_button_module_wrapper et_pb_module et_pb_button_alignment_right\">\n\t\t\t\t<a class=\"et_pb_button  et_pb_button_1 et_pb_module et_pb_bg_layout_light\" href=\"http:\/\/www.fundacionmustakis.org\/noticias\/\">Volver a noticias<\/a>\n\t\t\t<\/div>\n<div class=\"et_pb_text et_pb_module et_pb_bg_layout_light et_pb_text_align_center  et_pb_text_2\">\n<p><a href=\"https:\/\/twitter.com\/fundmustakis\" target=\"_blank\" rel=\"noopener noreferrer\"><img loading=\"lazy\" decoding=\"async\" class=\"alignnone wp-image-623 size-full\" src=\"https:\/\/fgmm.cl\/intranet\/wp-content\/uploads\/2019\/09\/ZIM-todos-invitados-a-aprender-sobre-el-ritmo-y-sus.png\" alt=\"twitter\" width=\"48\" height=\"48\" \/><\/a>\u00a0\u00a0\u00a0\u00a0 <a href=\"https:\/\/www.facebook.com\/fundacionmustakis\" target=\"_blank\" rel=\"noopener noreferrer\"><img loading=\"lazy\" decoding=\"async\" class=\"alignnone wp-image-624 size-full\" src=\"https:\/\/fgmm.cl\/intranet\/wp-content\/uploads\/2019\/09\/1568391850_330_ZIM-todos-invitados-a-aprender-sobre-el-ritmo-y-sus.png\" alt=\"face\" width=\"48\" height=\"48\" \/><\/a><\/p><\/div>\n<p> <!-- .et_pb_text -->\n\t\t\t<\/div>\n<p> <!-- .et_pb_column --><\/p><\/div>\n<p> <!-- .et_pb_row --><\/p><\/div>\n<p> <!-- .et_pb_section --><\/p>\n<div class=\"et_pb_section  et_pb_section_4 et_pb_with_background et_section_regular\">\n<div class=\" et_pb_row et_pb_row_1\">\n<div class=\"et_pb_column et_pb_column_4_4  et_pb_column_1\">\n<div class=\"et_pb_text et_pb_module et_pb_bg_layout_dark et_pb_text_align_center  et_pb_text_3\">\n<h1 class=\"p1\"><span style=\"font-size: 32px;font-family: proxima_nova_rgbold\">\u00a1\u00daNETE A NUESTRA COMUNIDAD!<\/span><\/h1>\n<\/p><\/div>\n<p> <!-- .et_pb_text -->\n\t\t\t<\/div>\n<p> <!-- .et_pb_column --><\/p><\/div>\n<p> <!-- .et_pb_row --><\/p>\n<div class=\" et_pb_row et_pb_row_2 et_pb_gutters1\">\n<div class=\"et_pb_column et_pb_column_1_4  et_pb_column_2\">\n<div class=\"et_pb_text et_pb_module et_pb_bg_layout_dark et_pb_text_align_left rrss et_pb_text_4\">\n<div><span style=\"color: #ffffff\"><a style=\"color: #ffffff\" href=\"http:\/\/www.facebook.com\/fundacionmustakis\" target=\"_blank\" rel=\"noopener noreferrer\"><img decoding=\"async\" style=\"width: 37px;height: 37px;vertical-align: middle\" src=\"https:\/\/fgmm.cl\/intranet\/wp-content\/uploads\/2019\/09\/1568391850_129_ZIM-todos-invitados-a-aprender-sobre-el-ritmo-y-sus.png\" \/>\u00a0 \u00a0 \u00a0<b>@FundacionMustakis<\/b><\/a><\/span><\/div>\n<\/p><\/div>\n<p> <!-- .et_pb_text -->\n\t\t\t<\/div>\n<p> <!-- .et_pb_column --><\/p>\n<div class=\"et_pb_column et_pb_column_1_4  et_pb_column_3\">\n<div class=\"et_pb_text et_pb_module et_pb_bg_layout_dark et_pb_text_align_left rrss et_pb_text_5\">\n<div><span style=\"color: #ffffff\"><a style=\"color: #ffffff\" href=\"http:\/\/twitter.com\/fundmustakis\" target=\"_blank\" rel=\"noopener noreferrer\"><img decoding=\"async\" style=\"width: 37px;height: 37px;vertical-align: middle\" src=\"https:\/\/fgmm.cl\/intranet\/wp-content\/uploads\/2019\/09\/1568391850_22_ZIM-todos-invitados-a-aprender-sobre-el-ritmo-y-sus.png\" \/>\u00a0 \u00a0 \u00a0<b>@FundMustakis<\/b><\/a><\/span><\/div>\n<\/p><\/div>\n<p> <!-- .et_pb_text -->\n\t\t\t<\/div>\n<p> <!-- .et_pb_column --><\/p>\n<div class=\"et_pb_column et_pb_column_1_4  et_pb_column_4\">\n<div class=\"et_pb_text et_pb_module et_pb_bg_layout_dark et_pb_text_align_left rrss et_pb_text_6\">\n<div><a href=\"http:\/\/www.youtube.com\/channel\/UCAFLMepFhxsTvcNcO5Eokzg\" target=\"_blank\" rel=\"noopener noreferrer\"><img decoding=\"async\" style=\"width: 37px;height: 37px;vertical-align: middle\" src=\"https:\/\/fgmm.cl\/intranet\/wp-content\/uploads\/2019\/09\/1568391850_451_ZIM-todos-invitados-a-aprender-sobre-el-ritmo-y-sus.png\" \/><span style=\"color: #ffffff\">\u00a0 \u00a0 \u00a0<b>Fundaci\u00f3n Mustakis<\/b><\/span><\/a><\/div>\n<\/p><\/div>\n<p> <!-- .et_pb_text -->\n\t\t\t<\/div>\n<p> <!-- .et_pb_column --><\/p>\n<div class=\"et_pb_column et_pb_column_1_4  et_pb_column_5\">\n<div class=\"et_pb_text et_pb_module et_pb_bg_layout_dark et_pb_text_align_left rrss et_pb_text_7\">\n<div><a href=\"http:\/\/www.instagram.com\/FundacionMustakis\" target=\"_blank\" rel=\"noopener noreferrer\"><img decoding=\"async\" style=\"width: 37px;height: 37px;vertical-align: middle\" src=\"https:\/\/fgmm.cl\/intranet\/wp-content\/uploads\/2019\/09\/1568391850_162_ZIM-todos-invitados-a-aprender-sobre-el-ritmo-y-sus.png\" \/><span style=\"color: #ffffff\">\u00a0 \u00a0 \u00a0<b>@FundacionMustakis<\/b><\/span><\/a><\/div>\n<\/p><\/div>\n<p> <!-- .et_pb_text -->\n\t\t\t<\/div>\n<p> <!-- .et_pb_column --><\/p><\/div>\n<p> <!-- .et_pb_row --><\/p>\n<div class=\" et_pb_row et_pb_row_3\">\n<div class=\"et_pb_column et_pb_column_4_4  et_pb_column_6\">\n<div class=\"et_pb_button_module_wrapper et_pb_module et_pb_button_alignment_center\">\n\t\t\t\t<a class=\"et_pb_button  et_pb_button_2 et_pb_module et_pb_bg_layout_dark\" href=\"http:\/\/www.fundacionmustakis.org\/contacto\/\">\u00a1Cont\u00e1ctanos!<\/a>\n\t\t\t<\/div>\n<\/p><\/div>\n<p> <!-- .et_pb_column --><\/p><\/div>\n<p> <!-- .et_pb_row --><\/p>\n<div class=\" et_pb_row et_pb_row_4 et_pb_gutters1\">\n<div class=\"et_pb_column et_pb_column_4_4  et_pb_column_7\">\n<div class=\"et_pb_text et_pb_module et_pb_bg_layout_dark et_pb_text_align_center  et_pb_text_8\">\n<p class=\"p1\" style=\"font-size: 10px\"><b>\u00a9 Fundaci\u00f3n Mustakis 1996 &#8211; 2019 <span class=\"Apple-converted-space\">\u00a0 Recoleta 1169, Recoleta, Santiago &#8211;\u00a0<\/span>Tel\u00e9fono +562 2820 8585<span class=\"Apple-converted-space\">\u00a0 \u00a0 \u00a0 <\/span>contacto@fundacionmustakis.com<\/b><\/p><\/div>\n<p> <!-- .et_pb_text -->\n\t\t\t<\/div>\n<p> <!-- .et_pb_column --><\/p><\/div>\n<p> <!-- .et_pb_row --><\/p><\/div>\n<p> <!-- .et_pb_section --><\/p>\n<div class=\"et_pb_section  et_pb_section_6 et_pb_with_background et_section_regular\">\n<div class=\" et_pb_row et_pb_row_5\">\n<div class=\"et_pb_column et_pb_column_4_4  et_pb_column_8\">\n<div class=\"et_pb_text et_pb_module et_pb_bg_layout_dark et_pb_text_align_center  et_pb_text_9\">\n<h1 class=\"p1\"><span style=\"font-size: 32px;font-family: proxima_nova_rgbold\">\u00a1\u00daNETE A NUESTRA COMUNIDAD!<\/span><\/h1>\n<\/p><\/div>\n<p> <!-- .et_pb_text -->\n\t\t\t<\/div>\n<p> <!-- .et_pb_column --><\/p><\/div>\n<p> <!-- .et_pb_row --><\/p>\n<div class=\" et_pb_row et_pb_row_6 et_pb_gutters1\">\n<div class=\"et_pb_column et_pb_column_1_4  et_pb_column_9\">\n<div class=\"et_pb_text et_pb_module et_pb_bg_layout_dark et_pb_text_align_left rrss et_pb_text_10\">\n<div><a href=\"http:\/\/www.facebook.com\/fundacionmustakis\" target=\"_blank\" rel=\"noopener noreferrer\"><span style=\"color: #ffffff\"><img decoding=\"async\" style=\"width: 37px;height: 37px;vertical-align: middle\" src=\"https:\/\/fgmm.cl\/intranet\/wp-content\/uploads\/2019\/09\/1568391850_129_ZIM-todos-invitados-a-aprender-sobre-el-ritmo-y-sus.png\" \/>\u00a0 \u00a0 \u00a0<b>@FundacionMustakis<\/b><\/span><\/a><\/div>\n<\/p><\/div>\n<p> <!-- .et_pb_text -->\n\t\t\t<\/div>\n<p> <!-- .et_pb_column --><\/p>\n<div class=\"et_pb_column et_pb_column_1_4  et_pb_column_10\">\n<div class=\"et_pb_text et_pb_module et_pb_bg_layout_dark et_pb_text_align_left rrss et_pb_text_11\">\n<div><a href=\"http:\/\/twitter.com\/fundmustakis\" target=\"_blank\" rel=\"noopener noreferrer\"><img decoding=\"async\" style=\"width: 37px;height: 37px;vertical-align: middle\" src=\"https:\/\/fgmm.cl\/intranet\/wp-content\/uploads\/2019\/09\/1568391850_22_ZIM-todos-invitados-a-aprender-sobre-el-ritmo-y-sus.png\" \/><span style=\"color: #ffffff\">\u00a0 \u00a0 \u00a0<b>@FundMustakis<\/b><\/span><\/a><\/div>\n<\/p><\/div>\n<p> <!-- .et_pb_text -->\n\t\t\t<\/div>\n<p> <!-- .et_pb_column --><\/p>\n<div class=\"et_pb_column et_pb_column_1_4  et_pb_column_11\">\n<div class=\"et_pb_text et_pb_module et_pb_bg_layout_dark et_pb_text_align_left rrss et_pb_text_12\">\n<div><a href=\"http:\/\/www.youtube.com\/channel\/UCAFLMepFhxsTvcNcO5Eokzg\" target=\"_blank\" rel=\"noopener noreferrer\"><img decoding=\"async\" style=\"width: 37px;height: 37px;vertical-align: middle\" src=\"https:\/\/fgmm.cl\/intranet\/wp-content\/uploads\/2019\/09\/1568391850_451_ZIM-todos-invitados-a-aprender-sobre-el-ritmo-y-sus.png\" \/><span style=\"color: #ffffff\">\u00a0 \u00a0 \u00a0<b>Fundaci\u00f3n Mustakis<\/b><\/span><\/a><\/div>\n<\/p><\/div>\n<p> <!-- .et_pb_text -->\n\t\t\t<\/div>\n<p> <!-- .et_pb_column --><\/p>\n<div class=\"et_pb_column et_pb_column_1_4  et_pb_column_12\">\n<div class=\"et_pb_text et_pb_module et_pb_bg_layout_dark et_pb_text_align_left rrss et_pb_text_13\">\n<div><a href=\"http:\/\/www.instagram.com\/FundacionMustakis\" target=\"_blank\" rel=\"noopener noreferrer\"><img decoding=\"async\" style=\"width: 37px;height: 37px;vertical-align: middle\" src=\"https:\/\/fgmm.cl\/intranet\/wp-content\/uploads\/2019\/09\/1568391850_162_ZIM-todos-invitados-a-aprender-sobre-el-ritmo-y-sus.png\" \/><span style=\"color: #ffffff\">\u00a0 \u00a0 \u00a0<b>@FundacionMustakis<\/b><\/span><\/a><\/div>\n<\/p><\/div>\n<p> <!-- .et_pb_text -->\n\t\t\t<\/div>\n<p> <!-- .et_pb_column --><\/p><\/div>\n<p> <!-- .et_pb_row --><\/p>\n<div class=\" et_pb_row et_pb_row_7 et_pb_gutters1\">\n<div class=\"et_pb_column et_pb_column_4_4  et_pb_column_13\">\n<div class=\"et_pb_text et_pb_module et_pb_bg_layout_dark et_pb_text_align_center  et_pb_text_14\">\n<p class=\"p1\" style=\"font-size: 10px\"><b>\u00a9 Fundaci\u00f3n Mustakis\u00a0<span class=\"Apple-converted-space\">1996 &#8211; 2018 \u00a0 Recoleta 1169, Recoleta, Santiago &#8211;\u00a0<\/span>Tel\u00e9fono +562 2820 8585<span class=\"Apple-converted-space\">\u00a0 \u00a0 \u00a0 <\/span>contacto@fundacionmustakis.com<\/b><\/p>\n<p>&nbsp;<\/p>\n<p>&nbsp;<\/p><\/div>\n<p> <!-- .et_pb_text -->\n\t\t\t<\/div>\n<p> <!-- .et_pb_column --><\/p><\/div>\n<p> <!-- .et_pb_row --><\/p><\/div>\n<p> <!-- .et_pb_section --><\/p>\n<div class=\"et_pb_section  et_pb_section_8 et_pb_with_background et_section_regular\">\n<div class=\" et_pb_row et_pb_row_8 et_pb_gutters1\">\n<div class=\"et_pb_column et_pb_column_4_4  et_pb_column_14\">\n<div class=\"et_pb_text et_pb_module et_pb_bg_layout_dark et_pb_text_align_center  et_pb_text_15\">\n<h1 class=\"p1\"><span style=\"font-size: 32px;font-family: proxima_nova_rgbold\">\u00a1\u00daNETE A NUESTRA COMUNIDAD!<\/span><\/h1>\n<\/p><\/div>\n<p> <!-- .et_pb_text -->\n\t\t\t<\/div>\n<p> <!-- .et_pb_column --><\/p><\/div>\n<p> <!-- .et_pb_row --><\/p>\n<div class=\" et_pb_row et_pb_row_9 et_pb_gutters1\">\n<div class=\"et_pb_column et_pb_column_1_4  et_pb_column_15\">\n<div class=\"et_pb_text et_pb_module et_pb_bg_layout_dark et_pb_text_align_left rrss et_pb_text_16\">\n<div><span style=\"color: #ffffff\"><a style=\"color: #ffffff\" href=\"http:\/\/www.facebook.com\/fundacionmustakis\" target=\"_blank\" rel=\"noopener noreferrer\"><img decoding=\"async\" style=\"width: 37px;height: 37px;vertical-align: middle\" src=\"https:\/\/fgmm.cl\/intranet\/wp-content\/uploads\/2019\/09\/1568391850_129_ZIM-todos-invitados-a-aprender-sobre-el-ritmo-y-sus.png\" \/>\u00a0 \u00a0 \u00a0<b>@FundacionMustakis<\/b><\/a><\/span><\/div>\n<\/p><\/div>\n<p> <!-- .et_pb_text -->\n\t\t\t<\/div>\n<p> <!-- .et_pb_column --><\/p>\n<div class=\"et_pb_column et_pb_column_1_4  et_pb_column_16\">\n<div class=\"et_pb_text et_pb_module et_pb_bg_layout_dark et_pb_text_align_left rrss et_pb_text_17\">\n<div><a href=\"http:\/\/twitter.com\/fundmustakis\" target=\"_blank\" rel=\"noopener noreferrer\"><img decoding=\"async\" style=\"width: 37px;height: 37px;vertical-align: middle\" src=\"https:\/\/fgmm.cl\/intranet\/wp-content\/uploads\/2019\/09\/1568391850_22_ZIM-todos-invitados-a-aprender-sobre-el-ritmo-y-sus.png\" \/><span style=\"color: #ffffff\">\u00a0 \u00a0 \u00a0<b>@FundMustakis<\/b><\/span><\/a><\/div>\n<\/p><\/div>\n<p> <!-- .et_pb_text -->\n\t\t\t<\/div>\n<p> <!-- .et_pb_column --><\/p>\n<div class=\"et_pb_column et_pb_column_1_4  et_pb_column_17\">\n<div class=\"et_pb_text et_pb_module et_pb_bg_layout_dark et_pb_text_align_left rrss et_pb_text_18\">\n<div><span style=\"color: #ffffff\"><a style=\"color: #ffffff\" href=\"http:\/\/www.youtube.com\/channel\/UCAFLMepFhxsTvcNcO5Eokzg\" target=\"_blank\" rel=\"noopener noreferrer\"><img decoding=\"async\" style=\"width: 37px;height: 37px;vertical-align: middle\" src=\"https:\/\/fgmm.cl\/intranet\/wp-content\/uploads\/2019\/09\/1568391850_451_ZIM-todos-invitados-a-aprender-sobre-el-ritmo-y-sus.png\" \/>\u00a0 \u00a0 \u00a0<b>Fundaci\u00f3n Mustakis<\/b><\/a><\/span><\/div>\n<\/p><\/div>\n<p> <!-- .et_pb_text -->\n\t\t\t<\/div>\n<p> <!-- .et_pb_column --><\/p>\n<div class=\"et_pb_column et_pb_column_1_4  et_pb_column_18\">\n<div class=\"et_pb_text et_pb_module et_pb_bg_layout_dark et_pb_text_align_left rrss et_pb_text_19\">\n<div><a href=\"http:\/\/www.instagram.com\/FundacionMustakis\" target=\"_blank\" rel=\"noopener noreferrer\"><img decoding=\"async\" style=\"width: 37px;height: 37px;vertical-align: middle\" src=\"https:\/\/fgmm.cl\/intranet\/wp-content\/uploads\/2019\/09\/1568391850_162_ZIM-todos-invitados-a-aprender-sobre-el-ritmo-y-sus.png\" \/><span style=\"color: #ffffff\">\u00a0 \u00a0 \u00a0<b>@FundacionMustakis<\/b><\/span><\/a><\/div>\n<\/p><\/div>\n<p> <!-- .et_pb_text -->\n\t\t\t<\/div>\n<p> <!-- .et_pb_column --><\/p><\/div>\n<p> <!-- .et_pb_row --><\/p>\n<div class=\" et_pb_row et_pb_row_10 et_pb_gutters1\">\n<div class=\"et_pb_column et_pb_column_4_4  et_pb_column_19\">\n<div class=\"et_pb_text et_pb_module et_pb_bg_layout_dark et_pb_text_align_center  et_pb_text_20\">\n<p class=\"p1\" style=\"font-size: 10px\"><b>\u00a9 Fundaci\u00f3n Mustakis\u00a0<span class=\"Apple-converted-space\">1996 &#8211; 2019 \u00a0 Recoleta 1169, Recoleta, Santiago &#8211;\u00a0<\/span>Tel\u00e9fono <span style=\"color: #ffffff\"><a style=\"color: #ffffff\" href=\"tel:+562 2820 8585\">+562 2820 8585<\/a><\/span><span class=\"Apple-converted-space\"><span style=\"color: #ffffff\">\u00a0<\/span> \u00a0 \u00a0 <\/span>contacto@fundacionmustakis.com<\/b><\/p>\n<p>\u00a0<\/p><\/div>\n<p> <!-- .et_pb_text -->\n\t\t\t<\/div>\n<p> <!-- .et_pb_column --><\/p><\/div>\n<p> <!-- .et_pb_row --><\/p><\/div>\n<p> <!-- .et_pb_section --><\/p>\n<div class=\"et_pb_section  et_pb_section_9 et_section_regular\">\n<div class=\" et_pb_row et_pb_row_11 et_pb_row_empty\"><\/div>\n<p> <!-- .et_pb_row --><\/p><\/div>\n<p> <!-- .et_pb_section --><\/p>\n<p><a href=\"http:\/\/www.fundacionmustakis.org\/se-parte-del-campamento-de-verano-2020-de-fundacion-mustakis\/\">Noticia original <\/a><\/p>\n","protected":false},"excerpt":{"rendered":"<p>NOTICIAS PUNTO DE ENCUENTRO CON LA COMUNIDAD NOTICIAS PUNTO DE ENCUENTRO CON LA COMUNIDAD Diciembre, 2019\u00a0 N\u00ba144 S\u00e9 parte del Campamento de Verano 2020 de Fundaci\u00f3n Mustakis Las actividades se realizar\u00e1n desde el 6 de enero hasta el 8 de febrero y, por primera vez, tendr\u00e1 su piloto en Frutillar. Durante los meses de enero [&hellip;]<\/p>\n","protected":false},"author":1,"featured_media":49940,"comment_status":"open","ping_status":"open","sticky":false,"template":"","format":"standard","meta":{"_et_pb_use_builder":"","_et_pb_old_content":"","footnotes":""},"categories":[2],"tags":[],"class_list":["post-49939","post","type-post","status-publish","format-standard","has-post-thumbnail","hentry","category-feed-noticias"],"_links":{"self":[{"href":"https:\/\/fgmm.cl\/intranet\/wp-json\/wp\/v2\/posts\/49939","targetHints":{"allow":["GET"]}}],"collection":[{"href":"https:\/\/fgmm.cl\/intranet\/wp-json\/wp\/v2\/posts"}],"about":[{"href":"https:\/\/fgmm.cl\/intranet\/wp-json\/wp\/v2\/types\/post"}],"author":[{"embeddable":true,"href":"https:\/\/fgmm.cl\/intranet\/wp-json\/wp\/v2\/users\/1"}],"replies":[{"embeddable":true,"href":"https:\/\/fgmm.cl\/intranet\/wp-json\/wp\/v2\/comments?post=49939"}],"version-history":[{"count":0,"href":"https:\/\/fgmm.cl\/intranet\/wp-json\/wp\/v2\/posts\/49939\/revisions"}],"wp:featuredmedia":[{"embeddable":true,"href":"https:\/\/fgmm.cl\/intranet\/wp-json\/wp\/v2\/media\/49940"}],"wp:attachment":[{"href":"https:\/\/fgmm.cl\/intranet\/wp-json\/wp\/v2\/media?parent=49939"}],"wp:term":[{"taxonomy":"category","embeddable":true,"href":"https:\/\/fgmm.cl\/intranet\/wp-json\/wp\/v2\/categories?post=49939"},{"taxonomy":"post_tag","embeddable":true,"href":"https:\/\/fgmm.cl\/intranet\/wp-json\/wp\/v2\/tags?post=49939"}],"curies":[{"name":"wp","href":"https:\/\/api.w.org\/{rel}","templated":true}]}}