{"id":49961,"date":"2020-03-20T10:52:05","date_gmt":"2020-03-20T13:52:05","guid":{"rendered":"https:\/\/fgmm.cl\/intranet\/suspension-temporal-de-actividades\/"},"modified":"2020-03-20T10:52:05","modified_gmt":"2020-03-20T13:52:05","slug":"suspension-temporal-de-actividades","status":"publish","type":"post","link":"https:\/\/fgmm.cl\/intranet\/suspension-temporal-de-actividades\/","title":{"rendered":"Suspensi\u00f3n temporal de actividades"},"content":{"rendered":"<p><\/p>\n<div class=\"et_pb_section et_pb_fullwidth_section  et_pb_section_0 et_pb_with_background et_section_regular\">\n<div class=\"et_pb_module et_pb_slider  et_pb_fullwidth_slider_0\">\n<div class=\"et_pb_slides\">\n<div class=\"et_pb_slide et_pb_bg_layout_dark et_pb_media_alignment_center et_pb_slide_0 et-pb-active-slide\" style='background-color:#ffffff;background-image:url(https:\/\/fgmm.cl\/intranet\/wp-content\/uploads\/2020\/03\/suspension-temporal-de-actividades.orgwp-content\/uploads\/2016\/09\/noticias_mitad.jpg)'>\n<div class=\"et_pb_container clearfix\">\n<div class=\"et_pb_slide_description\">\n<div class=\"et_pb_slide_content\">\n<h1 style=\"text-align: left;font-size: 70px;margin-left: -124px;font-family: proxima_nova_rgbold\"><strong>NOTICIAS<\/strong><\/h1>\n<div class=\"line_titulos_programa\"><\/div>\n<p style=\"text-align: left;font-size: 30px;margin-left: -124px;font-family: proxima_nova_rgbold;margin-top: 20px\">PUNTO DE ENCUENTRO CON LA COMUNIDAD<\/p>\n<\/div><\/div>\n<p> <!-- .et_pb_slide_description -->\n\t\t\t\t<\/div>\n<p> <!-- .et_pb_container --><\/p><\/div>\n<p> <!-- .et_pb_slide --><\/p><\/div>\n<p> <!-- .et_pb_slides -->\n\t\t\t<\/div>\n<p> <!-- .et_pb_slider --><\/p><\/div>\n<p> <!-- .et_pb_section --><\/p>\n<div class=\"et_pb_section et_pb_fullwidth_section hmovil et_pb_section_1 et_pb_with_background et_section_regular\">\n<div class=\"et_pb_module et_pb_slider et_pb_slider_no_pagination  et_pb_fullwidth_slider_1\">\n<div class=\"et_pb_slides\">\n<div class=\"et_pb_slide et_pb_bg_layout_dark et_pb_media_alignment_center et_pb_slide_1 et-pb-active-slide\" style='background-color:#ffffff;background-image:url(https:\/\/fgmm.cl\/intranet\/wp-content\/uploads\/2020\/03\/suspension-temporal-de-actividades.orgwp-content\/uploads\/2016\/09\/noticias_mitad.jpg)'>\n<div class=\"et_pb_container clearfix\">\n<div class=\"et_pb_slide_description\">\n<div class=\"et_pb_slide_content\">\n<h1>NOTICIAS<\/h1>\n<div class=\"line_titulos_programa_movil\"><\/div>\n<p>PUNTO DE ENCUENTRO CON LA COMUNIDAD<\/p>\n<\/div><\/div>\n<p> <!-- .et_pb_slide_description -->\n\t\t\t\t<\/div>\n<p> <!-- .et_pb_container --><\/p><\/div>\n<p> <!-- .et_pb_slide --><\/p><\/div>\n<p> <!-- .et_pb_slides -->\n\t\t\t<\/div>\n<p> <!-- .et_pb_slider --><\/p><\/div>\n<p> <!-- .et_pb_section --><\/p>\n<div class=\"et_pb_section  et_pb_section_2 et_pb_with_background et_section_regular\">\n<div class=\" et_pb_row et_pb_row_0\">\n<div class=\"et_pb_column et_pb_column_4_4  et_pb_column_0\">\n<div class=\"et_pb_text et_pb_module et_pb_bg_layout_dark et_pb_text_align_right  et_pb_text_0\">\n<p>Marzo, 2020&nbsp; <span style=\"color: #ffb600\">N\u00ba147<\/span><\/p>\n<p><img decoding=\"async\" src=\"https:\/\/fgmm.cl\/intranet\/wp-content\/uploads\/2020\/03\/suspension-temporal-de-actividades.png\">\n\t\t\t<\/div>\n<p> <!-- .et_pb_text --><\/p>\n<div class=\"et_pb_module et-waypoint et_pb_image et_pb_animation_top et_pb_image_0 et_always_center_on_mobile\">\n\t\t\t\t<img decoding=\"async\" src=\"https:\/\/fgmm.cl\/intranet\/wp-content\/uploads\/2020\/03\/suspension-temporal-de-actividades.org\" alt=\"https:\/\/fgmm.cl\/intranet\/wp-content\/uploads\/2020\/03\/suspension-temporal-de-actividades.org\" \/><\/p><\/div>\n<div class=\"et_pb_text et_pb_module et_pb_bg_layout_light et_pb_text_align_left  et_pb_text_1\">\n<h1><span style=\"color: #0233af;font-size: 54px;font-family: proxima_nova_alt_rgbold;line-height: 54px\"><strong>Suspensi\u00f3n temporal de actividades<br \/>\n<\/strong><\/span><\/h1>\n<h3><strong><span style=\"color: #ffb600;font-size: 27px;font-family: proxima_nova_alt_rgbold;line-height: normal\">Veinte fueron los proyectos ganadores, distribuidos en todo el pa\u00eds y centrados en dos l\u00edneas de postulaci\u00f3n: la formaci\u00f3n de competencias socioemocionales de ni\u00f1os, ni\u00f1as y j\u00f3venes y el desarrollo de herramientas tecnol\u00f3gicas de apoyo a la labor docente.<\/span><\/strong><\/h3>\n<p>En concordancia con lo establecido por el Ministerio de Educaci\u00f3n, y la suspensi\u00f3n de clases en todo el territorio nacional a causa de la pandemia por Coronavirus, todas las actividades de Fundaci\u00f3n Mustakis han sido suspendidas por 15 d\u00edas.<\/p>\n<p>Esta acci\u00f3n tiene como prop\u00f3sito cuidar al equipo de colaboradores de la fundaci\u00f3n y sus familias, as\u00ed como tambi\u00e9n a todos los ni\u00f1os, ni\u00f1as y j\u00f3venes, por los que trabajamos d\u00eda a d\u00eda.<\/p>\n<p>La situaci\u00f3n que afecta al pa\u00eds y al resto del mundo requiere de la cooperaci\u00f3n de todos y todas para ser superada. \u00bfSab\u00edas que la \u00fanica manera de detener el avance del Covid-19 es tomando consciencia y aplicando medidas preventivas?<\/p>\n<p>Esta es la raz\u00f3n por la que se debe seguir la recomendaci\u00f3n de quedarse en casa, y as\u00ed evitar que el virus contin\u00fae propag\u00e1ndose. Prevenir es tarea de todos.<\/p>\n<p>En el intertanto, en Fundaci\u00f3n Mustakis seguiremos trabajando y manteniendo nuestro compromiso con ustedes.<\/p>\n<p>.<\/p><\/div>\n<p> <!-- .et_pb_text --><\/p>\n<div class=\"et_pb_button_module_wrapper et_pb_module et_pb_button_alignment_center\">\n\t\t\t\t<a class=\"et_pb_button  et_pb_button_0 et_pb_module et_pb_bg_layout_dark\" href=\"#\" target=\"_blank\" rel=\"noopener noreferrer\">Ver link<\/a>\n\t\t\t<\/div>\n<div class=\"et_pb_button_module_wrapper et_pb_module et_pb_button_alignment_right\">\n\t\t\t\t<a class=\"et_pb_button  et_pb_button_1 et_pb_module et_pb_bg_layout_light\" href=\"https:\/\/fgmm.cl\/intranet\/wp-content\/uploads\/2020\/03\/suspension-temporal-de-actividades.orgnoticias\/\">Volver a noticias<\/a>\n\t\t\t<\/div>\n<div class=\"et_pb_text et_pb_module et_pb_bg_layout_light et_pb_text_align_center  et_pb_text_2\">\n<p><a href=\"https:\/\/twitter.com\/fundmustakis\" target=\"_blank\" rel=\"noopener noreferrer\"><img loading=\"lazy\" decoding=\"async\" class=\"alignnone wp-image-623 size-full\" src=\"https:\/\/fgmm.cl\/intranet\/wp-content\/uploads\/2020\/03\/suspension-temporal-de-actividades.orgwp-content\/uploads\/2016\/09\/twitter.png\" alt=\"twitter\" width=\"48\" height=\"48\"><\/a>&nbsp;&nbsp;&nbsp;&nbsp; <a href=\"https:\/\/www.facebook.com\/fundacionmustakis\" target=\"_blank\" rel=\"noopener noreferrer\"><img loading=\"lazy\" decoding=\"async\" class=\"alignnone wp-image-624 size-full\" src=\"https:\/\/fgmm.cl\/intranet\/wp-content\/uploads\/2020\/03\/suspension-temporal-de-actividades.orgwp-content\/uploads\/2016\/09\/face.png\" alt=\"face\" width=\"48\" height=\"48\"><\/a><\/p><\/div>\n<p> <!-- .et_pb_text -->\n\t\t\t<\/div>\n<p> <!-- .et_pb_column --><\/p><\/div>\n<p> <!-- .et_pb_row --><\/p><\/div>\n<p> <!-- .et_pb_section --><\/p>\n<div class=\"et_pb_section  et_pb_section_4 et_pb_with_background et_section_regular\">\n<div class=\" et_pb_row et_pb_row_1\">\n<div class=\"et_pb_column et_pb_column_4_4  et_pb_column_1\">\n<div class=\"et_pb_text et_pb_module et_pb_bg_layout_dark et_pb_text_align_center  et_pb_text_3\">\n<h1 class=\"p1\"><span style=\"font-size: 32px;font-family: proxima_nova_rgbold\">\u00a1\u00daNETE A NUESTRA COMUNIDAD!<\/span><\/h1>\n<\/p><\/div>\n<p> <!-- .et_pb_text -->\n\t\t\t<\/div>\n<p> <!-- .et_pb_column --><\/p><\/div>\n<p> <!-- .et_pb_row --><\/p>\n<div class=\" et_pb_row et_pb_row_2 et_pb_gutters1\">\n<div class=\"et_pb_column et_pb_column_1_4  et_pb_column_2\">\n<div class=\"et_pb_text et_pb_module et_pb_bg_layout_dark et_pb_text_align_left rrss et_pb_text_4\">\n<div><span style=\"color: #ffffff\"><a style=\"color: #ffffff\" href=\"http:\/\/www.facebook.com\/fundacionmustakis\" target=\"_blank\" rel=\"noopener noreferrer\"><img decoding=\"async\" style=\"width: 37px;height: 37px;vertical-align: middle\" src=\"https:\/\/fgmm.cl\/intranet\/wp-content\/uploads\/2020\/03\/suspension-temporal-de-actividades.orgwp-content\/uploads\/2016\/08\/facebook.png\" \/>\u00a0 \u00a0 \u00a0<b>@FundacionMustakis<\/b><\/a><\/span><\/div>\n<\/p><\/div>\n<p> <!-- .et_pb_text -->\n\t\t\t<\/div>\n<p> <!-- .et_pb_column --><\/p>\n<div class=\"et_pb_column et_pb_column_1_4  et_pb_column_3\">\n<div class=\"et_pb_text et_pb_module et_pb_bg_layout_dark et_pb_text_align_left rrss et_pb_text_5\">\n<div><span style=\"color: #ffffff\"><a style=\"color: #ffffff\" href=\"http:\/\/twitter.com\/fundmustakis\" target=\"_blank\" rel=\"noopener noreferrer\"><img decoding=\"async\" style=\"width: 37px;height: 37px;vertical-align: middle\" src=\"https:\/\/fgmm.cl\/intranet\/wp-content\/uploads\/2020\/03\/suspension-temporal-de-actividades.orgwp-content\/uploads\/2016\/08\/twitter.png\" \/>\u00a0 \u00a0 \u00a0<b>@FundMustakis<\/b><\/a><\/span><\/div>\n<\/p><\/div>\n<p> <!-- .et_pb_text -->\n\t\t\t<\/div>\n<p> <!-- .et_pb_column --><\/p>\n<div class=\"et_pb_column et_pb_column_1_4  et_pb_column_4\">\n<div class=\"et_pb_text et_pb_module et_pb_bg_layout_dark et_pb_text_align_left rrss et_pb_text_6\">\n<div><a href=\"http:\/\/www.youtube.com\/channel\/UCAFLMepFhxsTvcNcO5Eokzg\" target=\"_blank\" rel=\"noopener noreferrer\"><img decoding=\"async\" style=\"width: 37px;height: 37px;vertical-align: middle\" src=\"https:\/\/fgmm.cl\/intranet\/wp-content\/uploads\/2020\/03\/suspension-temporal-de-actividades.orgwp-content\/uploads\/2016\/08\/youtube.png\" \/><span style=\"color: #ffffff\">\u00a0 \u00a0 \u00a0<b>Fundaci\u00f3n Mustakis<\/b><\/span><\/a><\/div>\n<\/p><\/div>\n<p> <!-- .et_pb_text -->\n\t\t\t<\/div>\n<p> <!-- .et_pb_column --><\/p>\n<div class=\"et_pb_column et_pb_column_1_4  et_pb_column_5\">\n<div class=\"et_pb_text et_pb_module et_pb_bg_layout_dark et_pb_text_align_left rrss et_pb_text_7\">\n<div><a href=\"http:\/\/www.instagram.com\/FundacionMustakis\" target=\"_blank\" rel=\"noopener noreferrer\"><img decoding=\"async\" style=\"width: 37px;height: 37px;vertical-align: middle\" src=\"https:\/\/fgmm.cl\/intranet\/wp-content\/uploads\/2020\/03\/suspension-temporal-de-actividades.orgwp-content\/uploads\/2016\/08\/instagram.png\" \/><span style=\"color: #ffffff\">\u00a0 \u00a0 \u00a0<b>@FundacionMustakis<\/b><\/span><\/a><\/div>\n<\/p><\/div>\n<p> <!-- .et_pb_text -->\n\t\t\t<\/div>\n<p> <!-- .et_pb_column --><\/p><\/div>\n<p> <!-- .et_pb_row --><\/p>\n<div class=\" et_pb_row et_pb_row_3\">\n<div class=\"et_pb_column et_pb_column_4_4  et_pb_column_6\">\n<div class=\"et_pb_button_module_wrapper et_pb_module et_pb_button_alignment_center\">\n\t\t\t\t<a class=\"et_pb_button  et_pb_button_2 et_pb_module et_pb_bg_layout_dark\" href=\"https:\/\/fgmm.cl\/intranet\/wp-content\/uploads\/2020\/03\/suspension-temporal-de-actividades.orgcontacto\/\">\u00a1Cont\u00e1ctanos!<\/a>\n\t\t\t<\/div>\n<\/p><\/div>\n<p> <!-- .et_pb_column --><\/p><\/div>\n<p> <!-- .et_pb_row --><\/p>\n<div class=\" et_pb_row et_pb_row_4 et_pb_gutters1\">\n<div class=\"et_pb_column et_pb_column_4_4  et_pb_column_7\">\n<div class=\"et_pb_text et_pb_module et_pb_bg_layout_dark et_pb_text_align_center  et_pb_text_8\">\n<p class=\"p1\" style=\"font-size: 10px\"><b>\u00a9 Fundaci\u00f3n Mustakis 1996 &#8211; 2020 <span class=\"Apple-converted-space\">\u00a0 Recoleta 1169, Recoleta, Santiago &#8211;\u00a0<\/span>Tel\u00e9fono +562 2820 8585<span class=\"Apple-converted-space\">\u00a0 \u00a0 \u00a0 <\/span>contacto@fundacionmustakis.org<\/b><\/p><\/div>\n<p> <!-- .et_pb_text -->\n\t\t\t<\/div>\n<p> <!-- .et_pb_column --><\/p><\/div>\n<p> <!-- .et_pb_row --><\/p><\/div>\n<p> <!-- .et_pb_section --><\/p>\n<div class=\"et_pb_section  et_pb_section_6 et_pb_with_background et_section_regular\">\n<div class=\" et_pb_row et_pb_row_5\">\n<div class=\"et_pb_column et_pb_column_4_4  et_pb_column_8\">\n<div class=\"et_pb_text et_pb_module et_pb_bg_layout_dark et_pb_text_align_center  et_pb_text_9\">\n<h1 class=\"p1\"><span style=\"font-size: 32px;font-family: proxima_nova_rgbold\">\u00a1\u00daNETE A NUESTRA COMUNIDAD!<\/span><\/h1>\n<\/p><\/div>\n<p> <!-- .et_pb_text -->\n\t\t\t<\/div>\n<p> <!-- .et_pb_column --><\/p><\/div>\n<p> <!-- .et_pb_row --><\/p>\n<div class=\" et_pb_row et_pb_row_6 et_pb_gutters1\">\n<div class=\"et_pb_column et_pb_column_1_4  et_pb_column_9\">\n<div class=\"et_pb_text et_pb_module et_pb_bg_layout_dark et_pb_text_align_left rrss et_pb_text_10\">\n<div><a href=\"http:\/\/www.facebook.com\/fundacionmustakis\" target=\"_blank\" rel=\"noopener noreferrer\"><span style=\"color: #ffffff\"><img decoding=\"async\" style=\"width: 37px;height: 37px;vertical-align: middle\" src=\"https:\/\/fgmm.cl\/intranet\/wp-content\/uploads\/2020\/03\/suspension-temporal-de-actividades.orgwp-content\/uploads\/2016\/08\/facebook.png\" \/>\u00a0 \u00a0 \u00a0<b>@FundacionMustakis<\/b><\/span><\/a><\/div>\n<\/p><\/div>\n<p> <!-- .et_pb_text -->\n\t\t\t<\/div>\n<p> <!-- .et_pb_column --><\/p>\n<div class=\"et_pb_column et_pb_column_1_4  et_pb_column_10\">\n<div class=\"et_pb_text et_pb_module et_pb_bg_layout_dark et_pb_text_align_left rrss et_pb_text_11\">\n<div><a href=\"http:\/\/twitter.com\/fundmustakis\" target=\"_blank\" rel=\"noopener noreferrer\"><img decoding=\"async\" style=\"width: 37px;height: 37px;vertical-align: middle\" src=\"https:\/\/fgmm.cl\/intranet\/wp-content\/uploads\/2020\/03\/suspension-temporal-de-actividades.orgwp-content\/uploads\/2016\/08\/twitter.png\" \/><span style=\"color: #ffffff\">\u00a0 \u00a0 \u00a0<b>@FundMustakis<\/b><\/span><\/a><\/div>\n<\/p><\/div>\n<p> <!-- .et_pb_text -->\n\t\t\t<\/div>\n<p> <!-- .et_pb_column --><\/p>\n<div class=\"et_pb_column et_pb_column_1_4  et_pb_column_11\">\n<div class=\"et_pb_text et_pb_module et_pb_bg_layout_dark et_pb_text_align_left rrss et_pb_text_12\">\n<div><a href=\"http:\/\/www.youtube.com\/channel\/UCAFLMepFhxsTvcNcO5Eokzg\" target=\"_blank\" rel=\"noopener noreferrer\"><img decoding=\"async\" style=\"width: 37px;height: 37px;vertical-align: middle\" src=\"https:\/\/fgmm.cl\/intranet\/wp-content\/uploads\/2020\/03\/suspension-temporal-de-actividades.orgwp-content\/uploads\/2016\/08\/youtube.png\" \/><span style=\"color: #ffffff\">\u00a0 \u00a0 \u00a0<b>Fundaci\u00f3n Mustakis<\/b><\/span><\/a><\/div>\n<\/p><\/div>\n<p> <!-- .et_pb_text -->\n\t\t\t<\/div>\n<p> <!-- .et_pb_column --><\/p>\n<div class=\"et_pb_column et_pb_column_1_4  et_pb_column_12\">\n<div class=\"et_pb_text et_pb_module et_pb_bg_layout_dark et_pb_text_align_left rrss et_pb_text_13\">\n<div><a href=\"http:\/\/www.instagram.com\/FundacionMustakis\" target=\"_blank\" rel=\"noopener noreferrer\"><img decoding=\"async\" style=\"width: 37px;height: 37px;vertical-align: middle\" src=\"https:\/\/fgmm.cl\/intranet\/wp-content\/uploads\/2020\/03\/suspension-temporal-de-actividades.orgwp-content\/uploads\/2016\/08\/instagram.png\" \/><span style=\"color: #ffffff\">\u00a0 \u00a0 \u00a0<b>@FundacionMustakis<\/b><\/span><\/a><\/div>\n<\/p><\/div>\n<p> <!-- .et_pb_text -->\n\t\t\t<\/div>\n<p> <!-- .et_pb_column --><\/p><\/div>\n<p> <!-- .et_pb_row --><\/p>\n<div class=\" et_pb_row et_pb_row_7 et_pb_gutters1\">\n<div class=\"et_pb_column et_pb_column_4_4  et_pb_column_13\">\n<div class=\"et_pb_text et_pb_module et_pb_bg_layout_dark et_pb_text_align_center  et_pb_text_14\">\n<p class=\"p1\" style=\"font-size: 10px\"><b>\u00a9 Fundaci\u00f3n Mustakis\u00a0<span class=\"Apple-converted-space\">1996 &#8211; 2020 \u00a0 Recoleta 1169, Recoleta, Santiago &#8211;\u00a0<\/span>Tel\u00e9fono +562 2820 8585<span class=\"Apple-converted-space\">\u00a0 \u00a0 \u00a0 <\/span>contacto@fundacionmustakis.org<\/b><\/p>\n<p>\u00a0<\/p><\/div>\n<p> <!-- .et_pb_text -->\n\t\t\t<\/div>\n<p> <!-- .et_pb_column --><\/p><\/div>\n<p> <!-- .et_pb_row --><\/p><\/div>\n<p> <!-- .et_pb_section --><\/p>\n<div class=\"et_pb_section  et_pb_section_8 et_pb_with_background et_section_regular\">\n<div class=\" et_pb_row et_pb_row_8 et_pb_gutters1\">\n<div class=\"et_pb_column et_pb_column_4_4  et_pb_column_14\">\n<div class=\"et_pb_text et_pb_module et_pb_bg_layout_dark et_pb_text_align_center  et_pb_text_15\">\n<h1 class=\"p1\"><span style=\"font-size: 32px;font-family: proxima_nova_rgbold\">\u00a1\u00daNETE A NUESTRA COMUNIDAD!<\/span><\/h1>\n<\/p><\/div>\n<p> <!-- .et_pb_text -->\n\t\t\t<\/div>\n<p> <!-- .et_pb_column --><\/p><\/div>\n<p> <!-- .et_pb_row --><\/p>\n<div class=\" et_pb_row et_pb_row_9 et_pb_gutters1\">\n<div class=\"et_pb_column et_pb_column_1_4  et_pb_column_15\">\n<div class=\"et_pb_text et_pb_module et_pb_bg_layout_dark et_pb_text_align_left rrss et_pb_text_16\">\n<div><span style=\"color: #ffffff\"><a style=\"color: #ffffff\" href=\"http:\/\/www.facebook.com\/fundacionmustakis\" target=\"_blank\" rel=\"noopener noreferrer\"><img decoding=\"async\" style=\"width: 37px;height: 37px;vertical-align: middle\" src=\"https:\/\/fgmm.cl\/intranet\/wp-content\/uploads\/2020\/03\/suspension-temporal-de-actividades.orgwp-content\/uploads\/2016\/08\/facebook.png\" \/>\u00a0 \u00a0 \u00a0<b>@FundacionMustakis<\/b><\/a><\/span><\/div>\n<\/p><\/div>\n<p> <!-- .et_pb_text -->\n\t\t\t<\/div>\n<p> <!-- .et_pb_column --><\/p>\n<div class=\"et_pb_column et_pb_column_1_4  et_pb_column_16\">\n<div class=\"et_pb_text et_pb_module et_pb_bg_layout_dark et_pb_text_align_left rrss et_pb_text_17\">\n<div><a href=\"http:\/\/twitter.com\/fundmustakis\" target=\"_blank\" rel=\"noopener noreferrer\"><img decoding=\"async\" style=\"width: 37px;height: 37px;vertical-align: middle\" src=\"https:\/\/fgmm.cl\/intranet\/wp-content\/uploads\/2020\/03\/suspension-temporal-de-actividades.orgwp-content\/uploads\/2016\/08\/twitter.png\" \/><span style=\"color: #ffffff\">\u00a0 \u00a0 \u00a0<b>@FundMustakis<\/b><\/span><\/a><\/div>\n<\/p><\/div>\n<p> <!-- .et_pb_text -->\n\t\t\t<\/div>\n<p> <!-- .et_pb_column --><\/p>\n<div class=\"et_pb_column et_pb_column_1_4  et_pb_column_17\">\n<div class=\"et_pb_text et_pb_module et_pb_bg_layout_dark et_pb_text_align_left rrss et_pb_text_18\">\n<div><span style=\"color: #ffffff\"><a style=\"color: #ffffff\" href=\"http:\/\/www.youtube.com\/channel\/UCAFLMepFhxsTvcNcO5Eokzg\" target=\"_blank\" rel=\"noopener noreferrer\"><img decoding=\"async\" style=\"width: 37px;height: 37px;vertical-align: middle\" src=\"https:\/\/fgmm.cl\/intranet\/wp-content\/uploads\/2020\/03\/suspension-temporal-de-actividades.orgwp-content\/uploads\/2016\/08\/youtube.png\" \/>\u00a0 \u00a0 \u00a0<b>Fundaci\u00f3n Mustakis<\/b><\/a><\/span><\/div>\n<\/p><\/div>\n<p> <!-- .et_pb_text -->\n\t\t\t<\/div>\n<p> <!-- .et_pb_column --><\/p>\n<div class=\"et_pb_column et_pb_column_1_4  et_pb_column_18\">\n<div class=\"et_pb_text et_pb_module et_pb_bg_layout_dark et_pb_text_align_left rrss et_pb_text_19\">\n<div><a href=\"http:\/\/www.instagram.com\/FundacionMustakis\" target=\"_blank\" rel=\"noopener noreferrer\"><img decoding=\"async\" style=\"width: 37px;height: 37px;vertical-align: middle\" src=\"https:\/\/fgmm.cl\/intranet\/wp-content\/uploads\/2020\/03\/suspension-temporal-de-actividades.orgwp-content\/uploads\/2016\/08\/instagram.png\" \/><span style=\"color: #ffffff\">\u00a0 \u00a0 \u00a0<b>@FundacionMustakis<\/b><\/span><\/a><\/div>\n<\/p><\/div>\n<p> <!-- .et_pb_text -->\n\t\t\t<\/div>\n<p> <!-- .et_pb_column --><\/p><\/div>\n<p> <!-- .et_pb_row --><\/p>\n<div class=\" et_pb_row et_pb_row_10 et_pb_gutters1\">\n<div class=\"et_pb_column et_pb_column_4_4  et_pb_column_19\">\n<div class=\"et_pb_text et_pb_module et_pb_bg_layout_dark et_pb_text_align_center  et_pb_text_20\">\n<p class=\"p1\" style=\"font-size: 10px\"><b>\u00a9 Fundaci\u00f3n Mustakis\u00a0<span class=\"Apple-converted-space\">1996 &#8211; 2020 \u00a0 Recoleta 1169, Recoleta, Santiago &#8211;\u00a0<\/span>Tel\u00e9fono <span style=\"color: #ffffff\"><a style=\"color: #ffffff\" href=\"tel:+562 2820 8585\">+562 2820 8585<\/a><\/span><span class=\"Apple-converted-space\"><span style=\"color: #ffffff\">\u00a0<\/span> \u00a0 \u00a0 <\/span>contacto@fundacionmustakis.org<\/b><\/p>\n<p>\u00a0<\/p><\/div>\n<p> <!-- .et_pb_text -->\n\t\t\t<\/div>\n<p> <!-- .et_pb_column --><\/p><\/div>\n<p> <!-- .et_pb_row --><\/p><\/div>\n<p> <!-- .et_pb_section --><\/p>\n<div class=\"et_pb_section  et_pb_section_9 et_section_regular\">\n<div class=\" et_pb_row et_pb_row_11 et_pb_row_empty\"><\/div>\n<p> <!-- .et_pb_row --><\/p><\/div>\n<p> <!-- .et_pb_section --><\/p>\n<p><a href=\"https:\/\/fgmm.cl\/intranet\/wp-content\/uploads\/2020\/03\/suspension-temporal-de-actividades.orgsuspension-temporal-de-actividades\/\">Noticia original <\/a><\/p>\n","protected":false},"excerpt":{"rendered":"<p>NOTICIAS PUNTO DE ENCUENTRO CON LA COMUNIDAD NOTICIAS PUNTO DE ENCUENTRO CON LA COMUNIDAD Marzo, 2020&nbsp; N\u00ba147 Suspensi\u00f3n temporal de actividades Veinte fueron los proyectos ganadores, distribuidos en todo el pa\u00eds y centrados en dos l\u00edneas de postulaci\u00f3n: la formaci\u00f3n de competencias socioemocionales de ni\u00f1os, ni\u00f1as y j\u00f3venes y el desarrollo de herramientas tecnol\u00f3gicas de [&hellip;]<\/p>\n","protected":false},"author":1,"featured_media":49962,"comment_status":"open","ping_status":"open","sticky":false,"template":"","format":"standard","meta":{"_et_pb_use_builder":"","_et_pb_old_content":"","footnotes":""},"categories":[2],"tags":[],"class_list":["post-49961","post","type-post","status-publish","format-standard","has-post-thumbnail","hentry","category-feed-noticias"],"_links":{"self":[{"href":"https:\/\/fgmm.cl\/intranet\/wp-json\/wp\/v2\/posts\/49961","targetHints":{"allow":["GET"]}}],"collection":[{"href":"https:\/\/fgmm.cl\/intranet\/wp-json\/wp\/v2\/posts"}],"about":[{"href":"https:\/\/fgmm.cl\/intranet\/wp-json\/wp\/v2\/types\/post"}],"author":[{"embeddable":true,"href":"https:\/\/fgmm.cl\/intranet\/wp-json\/wp\/v2\/users\/1"}],"replies":[{"embeddable":true,"href":"https:\/\/fgmm.cl\/intranet\/wp-json\/wp\/v2\/comments?post=49961"}],"version-history":[{"count":0,"href":"https:\/\/fgmm.cl\/intranet\/wp-json\/wp\/v2\/posts\/49961\/revisions"}],"wp:featuredmedia":[{"embeddable":true,"href":"https:\/\/fgmm.cl\/intranet\/wp-json\/wp\/v2\/media\/49962"}],"wp:attachment":[{"href":"https:\/\/fgmm.cl\/intranet\/wp-json\/wp\/v2\/media?parent=49961"}],"wp:term":[{"taxonomy":"category","embeddable":true,"href":"https:\/\/fgmm.cl\/intranet\/wp-json\/wp\/v2\/categories?post=49961"},{"taxonomy":"post_tag","embeddable":true,"href":"https:\/\/fgmm.cl\/intranet\/wp-json\/wp\/v2\/tags?post=49961"}],"curies":[{"name":"wp","href":"https:\/\/api.w.org\/{rel}","templated":true}]}}